{"id":103861,"date":"2018-05-14T12:30:10","date_gmt":"2018-05-14T15:30:10","guid":{"rendered":"http:\/\/diarioregionaljf.com.br\/?p=103861"},"modified":"2018-05-14T12:31:20","modified_gmt":"2018-05-14T15:31:20","slug":"governo-de-minas-publica-nova-listagem-de-nomeacao-de-professores","status":"publish","type":"post","link":"https:\/\/diarioregionaldigital.com.br\/?p=103861","title":{"rendered":"Governo de Minas publica nova listagem de nomea\u00e7\u00e3o de professores"},"content":{"rendered":"<p>O\u00a0<a href=\"http:\/\/www.mg.gov.br\/\">Governo de Minas Gerais\u00a0<\/a>publicou no\u00a0<a href=\"http:\/\/www.iof.mg.gov.br\/\">Di\u00e1rio Oficial de Minas Gerais<\/a>\u00a0do \u00faltimo s\u00e1bado, 12, uma nova listagem com nomea\u00e7\u00e3o de 1.548 profissionais para atuarem na rede estadual de ensino. O lote \u00e9 composto por 1.476 professores regentes de aula e 72 professores regentes de turma. As nomea\u00e7\u00f5es s\u00e3o provenientes do Edital SEPLAG-SEE 04\/2014 e contemplam 522 munic\u00edpios de 47 Superintend\u00eancias Regionais de Ensino (SREs).<\/p>\n<p>Com essa nova listagem, o Estado alcan\u00e7a a marca de 54.068 nomea\u00e7\u00f5es desde o in\u00edcio da gest\u00e3o, em 2015. As nomea\u00e7\u00f5es contemplam todos os Territ\u00f3rios de Desenvolvimento de Minas Gerais.<\/p>\n<p>Do total de nomea\u00e7\u00f5es realizadas desde o in\u00edcio da gest\u00e3o, 36.767 s\u00e3o professores regentes de aula e 8.034 s\u00e3o de professores regentes de turma,\u00a0 o que representa que 83% das nomea\u00e7\u00f5es contemplam profissionais para atuarem dentro das salas de aula.<\/p>\n<p>\u201cUm quadro efetivo e que tende a permanecer por mais tempo na escola favorece a proximidade com a comunidade escolar e com os estudantes. Sem d\u00favida, essa perspectiva \u00e9 fundamental para o fortalecimento do projeto pol\u00edtico pedag\u00f3gico da escola e vai fortalecer e garantir com mais evid\u00eancia o processo de ensino e aprendizagem dos estudantes\u201d, destaca a subsecret\u00e1ria de Desenvolvimento da Educa\u00e7\u00e3o B\u00e1sica, Augusta Mendon\u00e7a.<\/p>\n<p>&nbsp;<\/p>\n<p><span style=\"font-size: 12pt;\"><strong>EXAMES<\/strong><\/span><\/p>\n<p>Uma vez publicada a nomea\u00e7\u00e3o, o aprovado deve submeter-se a exame m\u00e9dico pr\u00e9-admissional, a ser realizado pela Superintend\u00eancia Central de Per\u00edcia M\u00e9dica e Sa\u00fade Ocupacional (SCPMSO) da Secretaria de Estado de Planejamento e Gest\u00e3o (Seplag), nas datas e hor\u00e1rios que ser\u00e3o publicados no site da Seplag. Ap\u00f3s a per\u00edcia, os aprovados t\u00eam 30 dias para tomar posse.<\/p>\n<p>&nbsp;<\/p>\n<p><strong><span style=\"font-size: 12pt;\">CONCURSO<\/span><\/strong><\/p>\n<p>Para dar sequ\u00eancia \u00e0 valoriza\u00e7\u00e3o da educa\u00e7\u00e3o p\u00fablica em Minas Gerais e fortalecer o processo de nomea\u00e7\u00f5es, a SEE realizou, no dia 8 de abril de 2018, o concurso referente ao edital SEE N\u00ba 07\/2017, cujo resultado preliminar foi divulgado no \u00faltimo dia 7. O certame \u00e9 para preenchimento de 16 mil vagas para o cargo de Professor de Educa\u00e7\u00e3o B\u00e1sica (PEB) de diversas disciplinas e 700 vagas para Especialista em Educa\u00e7\u00e3o B\u00e1sica (EEB).<\/p>\n<p>&nbsp;<\/p>\n<p>Fonte: Assessoria<\/p>\n","protected":false},"excerpt":{"rendered":"<p>O\u00a0Governo de Minas Gerais\u00a0publicou no\u00a0Di\u00e1rio Oficial de Minas Gerais\u00a0do \u00faltimo s\u00e1bado, 12, uma nova listagem com nomea\u00e7\u00e3o de 1.548 profissionais para atuarem na rede estadual de ensino. O lote \u00e9 composto por 1.476 professores regentes de aula e 72 professores regentes de turma. As nomea\u00e7\u00f5es s\u00e3o provenientes do Edital SEPLAG-SEE 04\/2014 e contemplam 522 munic\u00edpios [&hellip;]<\/p>\n","protected":false},"author":96,"featured_media":95105,"comment_status":"closed","ping_status":"closed","sticky":false,"template":"","format":"standard","meta":{"footnotes":""},"categories":[436,252],"tags":[],"class_list":["post-103861","post","type-post","status-publish","format-standard","has-post-thumbnail","hentry","category-destaque-da-semana","category-regiao"],"_links":{"self":[{"href":"https:\/\/diarioregionaldigital.com.br\/index.php?rest_route=\/wp\/v2\/posts\/103861","targetHints":{"allow":["GET"]}}],"collection":[{"href":"https:\/\/diarioregionaldigital.com.br\/index.php?rest_route=\/wp\/v2\/posts"}],"about":[{"href":"https:\/\/diarioregionaldigital.com.br\/index.php?rest_route=\/wp\/v2\/types\/post"}],"author":[{"embeddable":true,"href":"https:\/\/diarioregionaldigital.com.br\/index.php?rest_route=\/wp\/v2\/users\/96"}],"replies":[{"embeddable":true,"href":"https:\/\/diarioregionaldigital.com.br\/index.php?rest_route=%2Fwp%2Fv2%2Fcomments&post=103861"}],"version-history":[{"count":0,"href":"https:\/\/diarioregionaldigital.com.br\/index.php?rest_route=\/wp\/v2\/posts\/103861\/revisions"}],"wp:featuredmedia":[{"embeddable":true,"href":"https:\/\/diarioregionaldigital.com.br\/index.php?rest_route=\/wp\/v2\/media\/95105"}],"wp:attachment":[{"href":"https:\/\/diarioregionaldigital.com.br\/index.php?rest_route=%2Fwp%2Fv2%2Fmedia&parent=103861"}],"wp:term":[{"taxonomy":"category","embeddable":true,"href":"https:\/\/diarioregionaldigital.com.br\/index.php?rest_route=%2Fwp%2Fv2%2Fcategories&post=103861"},{"taxonomy":"post_tag","embeddable":true,"href":"https:\/\/diarioregionaldigital.com.br\/index.php?rest_route=%2Fwp%2Fv2%2Ftags&post=103861"}],"curies":[{"name":"wp","href":"https:\/\/api.w.org\/{rel}","templated":true}]}}