{"id":103854,"date":"2018-05-14T12:15:05","date_gmt":"2018-05-14T15:15:05","guid":{"rendered":"http:\/\/diarioregionaljf.com.br\/?p=103854"},"modified":"2018-05-14T12:15:05","modified_gmt":"2018-05-14T15:15:05","slug":"minas-amplia-em-26-o-aproveitamento-das-vagas-de-emprego-disponibilizadas-nos-postos-do-sine","status":"publish","type":"post","link":"https:\/\/diarioregionaldigital.com.br\/?p=103854","title":{"rendered":"Minas amplia em 26% o aproveitamento das vagas de emprego disponibilizadas nos postos do Sine"},"content":{"rendered":"<p>As vagas disponibilizadas pelas empresas nos 134 postos do Sistema Nacional de Emprego (Sine), em Minas Gerais, alcan\u00e7aram um aproveitamento de 26,3% em 2018. Os dados s\u00e3o\u00a0da Base de Gest\u00e3o do Sine, do Minist\u00e9rio do Trabalho e Emprego (MTE), coordenado em Minas pela\u00a0<a href=\"http:\/\/www.social.mg.gov.br\/\">Secretaria de Estado do Trabalho e Desenvolvimento Social (Sedese)<\/a>.<\/p>\n<p>De janeiro a mar\u00e7o\u00a0de 2017, das 15.004 vagas ofertadas nas unidades do Sine, houve a coloca\u00e7\u00e3o de 8.554 trabalhadores (aproveitamento de 57%). J\u00e1 neste ano, no mesmo per\u00edodo, das 14.664 disponibilizadas, 10.570 foram ocupadas (aproveitamento de 72%). Em n\u00fameros absolutos, o resultado\u00a0representa\u00a0um crescimento de 23% no total de pessoas que conseguiram ingressar ou retornar ao mercado de trabalho.<\/p>\n<p>Os setores que registraram maior crescimento nas oportunidades de emprego no primeiro trimestre deste ano, em rela\u00e7\u00e3o ao mesmo\u00a0per\u00edodo do ano passado, foram agropecu\u00e1ria (835), ind\u00fastria (2.846), constru\u00e7\u00e3o civil (4.862) e a administra\u00e7\u00e3o p\u00fablica (76). Nos tr\u00eas primeiros meses de 2017, as oportunidades de emprego nesses segmentos foram de 815, 2.198, 1.983 e 55, respectivamente.<\/p>\n<p>&nbsp;<\/p>\n<p><span style=\"font-size: 12pt;\"><strong>FOCO NO MERCADO DE TRABALHO<\/strong><\/span><\/p>\n<p>Al\u00e9m da emiss\u00e3o de carteira de trabalho e acesso ao seguro desemprego, os postos do Sine em Minas t\u00eam buscado garantir maior empregabilidade, com o oferecimento de cursos de capacita\u00e7\u00e3o para facilitar o acesso dos trabalhadores ao concorrido mercado de trabalho.<\/p>\n<p>Como estrat\u00e9gia de fortalecimento, a Sedese\u00a0tem implementado tamb\u00e9m nas unidades do Sine em Minas o Projeto Busca Ativa, que busca\u00a0parcerias com as empresas, de forma a minimizar os efeitos do desemprego no estado. Idealizado por servidores da secretaria, o Busca Ativa conquistou o segundo lugar no Pr\u00eamio Inova Minas, em 2016, na categoria \u201cInova\u00e7\u00e3o e Melhoria de Processos\/Ideias Inovadoras Implement\u00e1veis\u201d.<\/p>\n<p>Com metodologia desenvolvida pela Diretoria de Desenvolvimento de Pol\u00edticas para Inclus\u00e3o ao Emprego da Sedese, o Busca Ativa identifica setores da economia e empresas com probabilidade de disponibiliza\u00e7\u00e3o de vagas, por meio do movimento de trabalhadores admitidos e desligados do Cadastro Geral de Empregados e Desempregados (Caged) e de dados cadastrais de pessoas jur\u00eddicas contribuintes do ICMS no Estado.<\/p>\n<p>A partir do cruzamento desses dados, s\u00e3o produzidos boletins mensais com informa\u00e7\u00f5es sobre o mercado de trabalho e uma lista de empresas que podem vir a contratar. Esse material \u00e9 enviado aos 134 postos do Sine. Com o relat\u00f3rio em m\u00e3os, as equipes dos Sine v\u00e3o em busca das oportunidades de trabalho identificadas, potencializando assim a gera\u00e7\u00e3o de emprego nos munic\u00edpios ou regi\u00f5es. Esses contatos s\u00e3o feitos por meio de visitas aos estabelecimentos ou por telefone.<\/p>\n<p>Com o Busca Ativa, o Sine deixa de receber apenas as ofertas vindas\u00a0espontaneamente das empresas. Por meio dessa ferramenta, aumenta-se a proximidade dos empregadores com o banco de vagas de emprego. Dessa forma, com empres\u00e1rios fidelizados, as unidades passam a se destacar como importantes intermediadoras de m\u00e3o de obra. J\u00e1 para os trabalhadores que procuram o Sine, o Busca Ativa garante um aumento das\u00a0chances de obten\u00e7\u00e3o de vagas de emprego.<\/p>\n<p>&nbsp;<\/p>\n<p><span style=\"font-size: 12pt;\"><strong>RECUO EM ALGUNS SEGMENTOS<\/strong><\/span><\/p>\n<p>Segundo dados do Instituto Brasileiro de Geografia e Estat\u00edstica (IBGE), o \u00edndice de desemprego no pa\u00eds atingiu 13,1% no primeiro trimestre deste ano, a maior taxa trimestral desde maio do ano passado, quando a taxa alcan\u00e7ou 13,3%. Em n\u00fameros absolutos, eram 13,7 milh\u00f5es de pessoas desocupadas de janeiro a mar\u00e7o deste ano.<\/p>\n<p>Dentro desse contexto, os dados da\u00a0Base de Gest\u00e3o do Sine do Minist\u00e9rio do Trabalho e Emprego (MTE),\u00a0 tamb\u00e9m registraram um recuo no n\u00famero de postos de trabalho em alguns segmentos, no primeiro trimestre deste ano, em compara\u00e7\u00e3o com o mesmo per\u00edodo de 2017. Foram eles: com\u00e9rcio (3.138 ante 3.251), informa\u00e7\u00e3o e comunica\u00e7\u00e3o (120 ante 516) e financeiro (59 ante 93).<\/p>\n<p>&nbsp;<\/p>\n<p>Fonte: Ag\u00eancia Minas<\/p>\n","protected":false},"excerpt":{"rendered":"<p>As vagas disponibilizadas pelas empresas nos 134 postos do Sistema Nacional de Emprego (Sine), em Minas Gerais, alcan\u00e7aram um aproveitamento de 26,3% em 2018. Os dados s\u00e3o\u00a0da Base de Gest\u00e3o do Sine, do Minist\u00e9rio do Trabalho e Emprego (MTE), coordenado em Minas pela\u00a0Secretaria de Estado do Trabalho e Desenvolvimento Social (Sedese). De janeiro a mar\u00e7o\u00a0de [&hellip;]<\/p>\n","protected":false},"author":96,"featured_media":103855,"comment_status":"closed","ping_status":"closed","sticky":false,"template":"","format":"standard","meta":{"footnotes":""},"categories":[440,252],"tags":[],"class_list":["post-103854","post","type-post","status-publish","format-standard","has-post-thumbnail","hentry","category-destaques-do-dia","category-regiao"],"_links":{"self":[{"href":"https:\/\/diarioregionaldigital.com.br\/index.php?rest_route=\/wp\/v2\/posts\/103854","targetHints":{"allow":["GET"]}}],"collection":[{"href":"https:\/\/diarioregionaldigital.com.br\/index.php?rest_route=\/wp\/v2\/posts"}],"about":[{"href":"https:\/\/diarioregionaldigital.com.br\/index.php?rest_route=\/wp\/v2\/types\/post"}],"author":[{"embeddable":true,"href":"https:\/\/diarioregionaldigital.com.br\/index.php?rest_route=\/wp\/v2\/users\/96"}],"replies":[{"embeddable":true,"href":"https:\/\/diarioregionaldigital.com.br\/index.php?rest_route=%2Fwp%2Fv2%2Fcomments&post=103854"}],"version-history":[{"count":0,"href":"https:\/\/diarioregionaldigital.com.br\/index.php?rest_route=\/wp\/v2\/posts\/103854\/revisions"}],"wp:featuredmedia":[{"embeddable":true,"href":"https:\/\/diarioregionaldigital.com.br\/index.php?rest_route=\/wp\/v2\/media\/103855"}],"wp:attachment":[{"href":"https:\/\/diarioregionaldigital.com.br\/index.php?rest_route=%2Fwp%2Fv2%2Fmedia&parent=103854"}],"wp:term":[{"taxonomy":"category","embeddable":true,"href":"https:\/\/diarioregionaldigital.com.br\/index.php?rest_route=%2Fwp%2Fv2%2Fcategories&post=103854"},{"taxonomy":"post_tag","embeddable":true,"href":"https:\/\/diarioregionaldigital.com.br\/index.php?rest_route=%2Fwp%2Fv2%2Ftags&post=103854"}],"curies":[{"name":"wp","href":"https:\/\/api.w.org\/{rel}","templated":true}]}}