{"id":103853,"date":"2018-05-14T12:21:03","date_gmt":"2018-05-14T15:21:03","guid":{"rendered":"http:\/\/diarioregionaljf.com.br\/?p=103853"},"modified":"2018-05-14T12:21:03","modified_gmt":"2018-05-14T15:21:03","slug":"pc-apresenta-homem-suspeito-de-abusar-da-filha-de-14-anos","status":"publish","type":"post","link":"https:\/\/diarioregionaldigital.com.br\/?p=103853","title":{"rendered":"PC apresenta homem suspeito de abusar da filha de 14 anos"},"content":{"rendered":"<p>Nesta segunda-feira, 14, a Pol\u00edcia Civil de Minas Gerais divulgou informa\u00e7\u00f5es sobre a pris\u00e3o de um homem de 40 anos, suspeito de abusar sexualmente da filha, de 14 anos, em Juiz de Fora. Ele foi preso pela equipe da Delegacia Especializada de Atendimento \u00e0 Mulher, na \u00faltima sexta, 11, no Bairro Filgueiras, zona Nordeste, \u00a0em virtude de um mandado de pris\u00e3o preventiva expedido pela Justi\u00e7a a pedido da Delegada Ione Maria Moreira Dias Barbosa<\/p>\n<p>Conforme a autoridade policial, a m\u00e3e da jovem de 37 anos e a v\u00edtima procuraram a pol\u00edcia. Ela estaria sendo abusada sexualmente desde os 13 anos informou a delegada, explicando que h\u00e1 tamb\u00e9m outros registros de agress\u00e3o por pare do investigado, envolvendo a m\u00e3e da jovem e que todos os outros irm\u00e3os da v\u00edtima, de 7 e 13 anos tamb\u00e9m ser\u00e3o submetidos a exames de corpo de delito.<\/p>\n<p>A autoridade policial disse que h\u00e1 den\u00fancia do Minist\u00e9rio P\u00fablico com rela\u00e7\u00e3o aos fatos e o Conselho Tutelar tamb\u00e9m acompanha o caso.<\/p>\n<p>Ainda segundo ela, o homem se encontra preso em uma unidade prisional, \u00e0 disposi\u00e7\u00e3o da justi\u00e7a, e vai responder por ter cometido o crime de estupro de vulner\u00e1vel.<\/p>\n<p>Fonte: Assessoria Pol\u00edcia Civil<\/p>\n","protected":false},"excerpt":{"rendered":"<p>Nesta segunda-feira, 14, a Pol\u00edcia Civil de Minas Gerais divulgou informa\u00e7\u00f5es sobre a pris\u00e3o de um homem de 40 anos, suspeito de abusar sexualmente da filha, de 14 anos, em Juiz de Fora. Ele foi preso pela equipe da Delegacia Especializada de Atendimento \u00e0 Mulher, na \u00faltima sexta, 11, no Bairro Filgueiras, zona Nordeste, \u00a0em [&hellip;]<\/p>\n","protected":false},"author":96,"featured_media":103857,"comment_status":"closed","ping_status":"closed","sticky":false,"template":"","format":"standard","meta":{"footnotes":""},"categories":[253,440,439],"tags":[],"class_list":["post-103853","post","type-post","status-publish","format-standard","has-post-thumbnail","hentry","category-cidade","category-destaques-do-dia","category-ultima-hora"],"_links":{"self":[{"href":"https:\/\/diarioregionaldigital.com.br\/index.php?rest_route=\/wp\/v2\/posts\/103853","targetHints":{"allow":["GET"]}}],"collection":[{"href":"https:\/\/diarioregionaldigital.com.br\/index.php?rest_route=\/wp\/v2\/posts"}],"about":[{"href":"https:\/\/diarioregionaldigital.com.br\/index.php?rest_route=\/wp\/v2\/types\/post"}],"author":[{"embeddable":true,"href":"https:\/\/diarioregionaldigital.com.br\/index.php?rest_route=\/wp\/v2\/users\/96"}],"replies":[{"embeddable":true,"href":"https:\/\/diarioregionaldigital.com.br\/index.php?rest_route=%2Fwp%2Fv2%2Fcomments&post=103853"}],"version-history":[{"count":0,"href":"https:\/\/diarioregionaldigital.com.br\/index.php?rest_route=\/wp\/v2\/posts\/103853\/revisions"}],"wp:featuredmedia":[{"embeddable":true,"href":"https:\/\/diarioregionaldigital.com.br\/index.php?rest_route=\/wp\/v2\/media\/103857"}],"wp:attachment":[{"href":"https:\/\/diarioregionaldigital.com.br\/index.php?rest_route=%2Fwp%2Fv2%2Fmedia&parent=103853"}],"wp:term":[{"taxonomy":"category","embeddable":true,"href":"https:\/\/diarioregionaldigital.com.br\/index.php?rest_route=%2Fwp%2Fv2%2Fcategories&post=103853"},{"taxonomy":"post_tag","embeddable":true,"href":"https:\/\/diarioregionaldigital.com.br\/index.php?rest_route=%2Fwp%2Fv2%2Ftags&post=103853"}],"curies":[{"name":"wp","href":"https:\/\/api.w.org\/{rel}","templated":true}]}}