{"id":103848,"date":"2018-05-14T10:05:10","date_gmt":"2018-05-14T13:05:10","guid":{"rendered":"http:\/\/diarioregionaljf.com.br\/?p=103848"},"modified":"2018-05-14T10:08:32","modified_gmt":"2018-05-14T13:08:32","slug":"menino-de-um-ano-morre-apos-ser-atingido-por-bala-perdida-no-santa-candida","status":"publish","type":"post","link":"https:\/\/diarioregionaldigital.com.br\/?p=103848","title":{"rendered":"Menino de um ano morre ap\u00f3s ser atingido por bala perdida no Santa C\u00e2ndida"},"content":{"rendered":"<p>Um menino de um ano de idade morreu ap\u00f3s ser atingido por uma bala perdida no bairro Santa C\u00e2ndida, zona Leste, no final da tarde desse domingo, 13. Conforme informa\u00e7\u00f5es da Pol\u00edcia Militar (PM), o beb\u00ea estava no colo de sua m\u00e3e, uma jovem de 21 anos, quando foi ferido durante tentativa de homic\u00eddio a um rapaz de 24 anos.<\/p>\n<p>O menino recebeu os primeiros atendimentos no Hospital Dr. Jo\u00e3o Fel\u00edcio e foi removido para o Hospital de Pronto Socorro (HPS) com aux\u00edlio de escolta policial, mas n\u00e3o resistiu ao ferimento provocado pelo disparo de arma de fogo, que atingiu seu abd\u00f4men e causou v\u00e1rias les\u00f5es internas.<\/p>\n<p>A m\u00e3e da crian\u00e7a tamb\u00e9m foi atingida. Ela levou um tiro no p\u00e9 e ficou internada no\u00a0 Hospital Dr. Jo\u00e3o Fel\u00edcio \u00e0 espera de cirurgia. J\u00e1 o rapaz alvo dos disparos apresentou um ferimento no antebra\u00e7o esquerdo. Ele foi atendido na mesma unidade e deixou o local em companhia de familiares.<\/p>\n<p>Conforme o registro da ocorr\u00eancia, populares relataram \u00e0 PM que o jovem de 24 anos estava em via p\u00fablica, na Rua Pedro Paulo Vieira, quando dois homens passaram em uma motocicleta e efetuaram v\u00e1rios tiros em sua dire\u00e7\u00e3o. A v\u00edtima correu e conseguiu se esconder em um im\u00f3vel.<\/p>\n<p>Quando os policiais compareceram ao local, as tr\u00eas v\u00edtimas j\u00e1 haviam sido socorridas por populares. No hospital, o rapaz confirmou os relatos e informou que o autor dos disparos seria um rapaz de 21 anos, conhecido no bairro Vila Olavo Costa.<\/p>\n<p>Ap\u00f3s consulta ao sistema, os militares levantaram o endere\u00e7o do suspeito e tiveram \u00eaxito em abord\u00e1-lo. O autor teria resistido \u00e0 abordagem, mas foi detido pelos militares. O rapaz negou participa\u00e7\u00e3o no crime. Durante buscas em sua resid\u00eancia os policiais localizaram dois r\u00e1dios comunicadores, uma base de carregador, um capacete de motociclista e uma jaqueta camuflada.<\/p>\n<p>Ainda de acordo com informa\u00e7\u00f5es do registro da ocorr\u00eancia, as vestimentas encontradas na casa do suspeito batiam com as descritas pelo jovem que foi alvo dos tiros.<\/p>\n<p>Os policiais tamb\u00e9m colheram depoimento da jovem de 21 anos. Ela relatou que, durante o crime, estava sentada na cal\u00e7ada da rua, com o filho no colo, quando o rapaz de 24 anos a empurrou na dire\u00e7\u00e3o dos autores, momento no qual foi atingida.<\/p>\n<p>A per\u00edcia t\u00e9cnica compareceu no local do crime, onde foram recolhidos sete cartuchos deflagrados.<\/p>\n<p>O segundo ocupante da motocicleta ainda n\u00e3o foi localizado.<\/p>\n","protected":false},"excerpt":{"rendered":"<p>Um menino de um ano de idade morreu ap\u00f3s ser atingido por uma bala perdida no bairro Santa C\u00e2ndida, zona Leste, no final da tarde desse domingo, 13. Conforme informa\u00e7\u00f5es da Pol\u00edcia Militar (PM), o beb\u00ea estava no colo de sua m\u00e3e, uma jovem de 21 anos, quando foi ferido durante tentativa de homic\u00eddio a [&hellip;]<\/p>\n","protected":false},"author":96,"featured_media":95836,"comment_status":"closed","ping_status":"closed","sticky":false,"template":"","format":"standard","meta":{"footnotes":""},"categories":[301,440],"tags":[],"class_list":["post-103848","post","type-post","status-publish","format-standard","has-post-thumbnail","hentry","category-artigos-policiais","category-destaques-do-dia"],"_links":{"self":[{"href":"https:\/\/diarioregionaldigital.com.br\/index.php?rest_route=\/wp\/v2\/posts\/103848","targetHints":{"allow":["GET"]}}],"collection":[{"href":"https:\/\/diarioregionaldigital.com.br\/index.php?rest_route=\/wp\/v2\/posts"}],"about":[{"href":"https:\/\/diarioregionaldigital.com.br\/index.php?rest_route=\/wp\/v2\/types\/post"}],"author":[{"embeddable":true,"href":"https:\/\/diarioregionaldigital.com.br\/index.php?rest_route=\/wp\/v2\/users\/96"}],"replies":[{"embeddable":true,"href":"https:\/\/diarioregionaldigital.com.br\/index.php?rest_route=%2Fwp%2Fv2%2Fcomments&post=103848"}],"version-history":[{"count":0,"href":"https:\/\/diarioregionaldigital.com.br\/index.php?rest_route=\/wp\/v2\/posts\/103848\/revisions"}],"wp:featuredmedia":[{"embeddable":true,"href":"https:\/\/diarioregionaldigital.com.br\/index.php?rest_route=\/wp\/v2\/media\/95836"}],"wp:attachment":[{"href":"https:\/\/diarioregionaldigital.com.br\/index.php?rest_route=%2Fwp%2Fv2%2Fmedia&parent=103848"}],"wp:term":[{"taxonomy":"category","embeddable":true,"href":"https:\/\/diarioregionaldigital.com.br\/index.php?rest_route=%2Fwp%2Fv2%2Fcategories&post=103848"},{"taxonomy":"post_tag","embeddable":true,"href":"https:\/\/diarioregionaldigital.com.br\/index.php?rest_route=%2Fwp%2Fv2%2Ftags&post=103848"}],"curies":[{"name":"wp","href":"https:\/\/api.w.org\/{rel}","templated":true}]}}