{"id":103846,"date":"2018-05-14T10:12:04","date_gmt":"2018-05-14T13:12:04","guid":{"rendered":"http:\/\/diarioregionaljf.com.br\/?p=103846"},"modified":"2018-05-14T10:12:04","modified_gmt":"2018-05-14T13:12:04","slug":"carro-bate-em-protecao-de-ponte-e-cai-em-encosta-proximo-a-muriae","status":"publish","type":"post","link":"https:\/\/diarioregionaldigital.com.br\/?p=103846","title":{"rendered":"Carro bate em prote\u00e7\u00e3o de ponte e cai em encosta pr\u00f3ximo a Muria\u00e9"},"content":{"rendered":"<p>Tr\u00eas pessoas ficaram feridas em um acidente ocorrido por volta de 23h30 deste domingo, 13, na BR-116, pr\u00f3ximo a Muria\u00e9. Todas foram socorridas pelos bombeiros e SAMU e aparentemente n\u00e3o correm risco de morte.<\/p>\n<p>O autom\u00f3vel seguia em dire\u00e7\u00e3o a Muria\u00e9 e logo ap\u00f3s descer a Serra de Belvedere o condutor perdeu o controle da dire\u00e7\u00e3o, atravessou a pista, quebrou parte da prote\u00e7\u00e3o de uma ponte e caiu em uma encosta de aproximadamente 15 metros.<\/p>\n<p>Em entrevista a reportagem da R\u00e1dio Muria\u00e9, subtenente Ferreira do Corpo de Bombeiros, relatou que ao chegarem ao local os militares depararam com duas v\u00edtimas j\u00e1 fora do ve\u00edculo e um jovem dentro do carro. Os bombeiros tiveram trabalho para resgatar a terceira v\u00edtima, pois o carro caiu em um local de dif\u00edcil acesso.<\/p>\n<p>As v\u00edtimas foram socorridas pelos bombeiros e SAMU e encaminhadas para o Hospital S\u00e3o Paulo (HSP), em Muria\u00e9<\/p>\n<p>A Pol\u00edcia Rodovi\u00e1ria Federal (PRF) esteve no local e sinalizou a rodovia durante o trabalho de resgate ao ferido. As causas do acidente ainda ser\u00e3o apuradas.<\/p>\n<p><img loading=\"lazy\" decoding=\"async\" class=\"alignnone  wp-image-103850\" src=\"http:\/\/diarioregionaljf.com.br\/wp-content\/uploads\/2018\/05\/ponteque-300x225.jpg\" alt=\"\" width=\"464\" height=\"348\" srcset=\"https:\/\/diarioregionaldigital.com.br\/wp-content\/uploads\/2018\/05\/ponteque-300x225.jpg 300w, https:\/\/diarioregionaldigital.com.br\/wp-content\/uploads\/2018\/05\/ponteque-360x270.jpg 360w, https:\/\/diarioregionaldigital.com.br\/wp-content\/uploads\/2018\/05\/ponteque.jpg 700w\" sizes=\"auto, (max-width: 464px) 100vw, 464px\" \/><\/p>\n<p><img loading=\"lazy\" decoding=\"async\" class=\"alignnone  wp-image-103851\" src=\"http:\/\/diarioregionaljf.com.br\/wp-content\/uploads\/2018\/05\/pontequebra-300x225.jpg\" alt=\"\" width=\"464\" height=\"348\" srcset=\"https:\/\/diarioregionaldigital.com.br\/wp-content\/uploads\/2018\/05\/pontequebra-300x225.jpg 300w, https:\/\/diarioregionaldigital.com.br\/wp-content\/uploads\/2018\/05\/pontequebra-360x270.jpg 360w, https:\/\/diarioregionaldigital.com.br\/wp-content\/uploads\/2018\/05\/pontequebra.jpg 700w\" sizes=\"auto, (max-width: 464px) 100vw, 464px\" \/><\/p>\n<p>Fonte: R\u00e1dio Muria\u00e9<\/p>\n","protected":false},"excerpt":{"rendered":"<p>Tr\u00eas pessoas ficaram feridas em um acidente ocorrido por volta de 23h30 deste domingo, 13, na BR-116, pr\u00f3ximo a Muria\u00e9. Todas foram socorridas pelos bombeiros e SAMU e aparentemente n\u00e3o correm risco de morte. O autom\u00f3vel seguia em dire\u00e7\u00e3o a Muria\u00e9 e logo ap\u00f3s descer a Serra de Belvedere o condutor perdeu o controle da [&hellip;]<\/p>\n","protected":false},"author":96,"featured_media":103847,"comment_status":"closed","ping_status":"closed","sticky":false,"template":"","format":"standard","meta":{"footnotes":""},"categories":[252,439],"tags":[],"class_list":["post-103846","post","type-post","status-publish","format-standard","has-post-thumbnail","hentry","category-regiao","category-ultima-hora"],"_links":{"self":[{"href":"https:\/\/diarioregionaldigital.com.br\/index.php?rest_route=\/wp\/v2\/posts\/103846","targetHints":{"allow":["GET"]}}],"collection":[{"href":"https:\/\/diarioregionaldigital.com.br\/index.php?rest_route=\/wp\/v2\/posts"}],"about":[{"href":"https:\/\/diarioregionaldigital.com.br\/index.php?rest_route=\/wp\/v2\/types\/post"}],"author":[{"embeddable":true,"href":"https:\/\/diarioregionaldigital.com.br\/index.php?rest_route=\/wp\/v2\/users\/96"}],"replies":[{"embeddable":true,"href":"https:\/\/diarioregionaldigital.com.br\/index.php?rest_route=%2Fwp%2Fv2%2Fcomments&post=103846"}],"version-history":[{"count":0,"href":"https:\/\/diarioregionaldigital.com.br\/index.php?rest_route=\/wp\/v2\/posts\/103846\/revisions"}],"wp:featuredmedia":[{"embeddable":true,"href":"https:\/\/diarioregionaldigital.com.br\/index.php?rest_route=\/wp\/v2\/media\/103847"}],"wp:attachment":[{"href":"https:\/\/diarioregionaldigital.com.br\/index.php?rest_route=%2Fwp%2Fv2%2Fmedia&parent=103846"}],"wp:term":[{"taxonomy":"category","embeddable":true,"href":"https:\/\/diarioregionaldigital.com.br\/index.php?rest_route=%2Fwp%2Fv2%2Fcategories&post=103846"},{"taxonomy":"post_tag","embeddable":true,"href":"https:\/\/diarioregionaldigital.com.br\/index.php?rest_route=%2Fwp%2Fv2%2Ftags&post=103846"}],"curies":[{"name":"wp","href":"https:\/\/api.w.org\/{rel}","templated":true}]}}