{"id":103843,"date":"2018-05-14T09:59:18","date_gmt":"2018-05-14T12:59:18","guid":{"rendered":"http:\/\/diarioregionaljf.com.br\/?p=103843"},"modified":"2018-05-14T09:59:18","modified_gmt":"2018-05-14T12:59:18","slug":"perseguicao-da-prf-em-leopoldina-termina-com-apreensao-de-65-kg-de-maconha-em-caminhonete-roubada","status":"publish","type":"post","link":"https:\/\/diarioregionaldigital.com.br\/?p=103843","title":{"rendered":"Persegui\u00e7\u00e3o da PRF em Leopoldina termina com apreens\u00e3o de 65 Kg de maconha em caminhonete roubada"},"content":{"rendered":"<div class=\"detalhe-texto\">Cerca de 65 Kg de maconha e 100 gramas de coca\u00edna foram apreendidos depois de uma persegui\u00e7\u00e3o da Pol\u00edcia Rodovi\u00e1ria Federal na madrugada deste domingo, 13, em Leopoldina.<\/p>\n<p>Os policiais Renato, Mattos e Can\u00eado perseguiram a caminhonete\u00a0desde as proximidades do Posto de Fiscaliza\u00e7\u00e3o da PRF, localizado no Km 768 da BR-116, at\u00e9 o trevo de Cataguases, no Km 765 daquela rodovia.<\/p>\n<p>De acordo com a PRF, durante fiscaliza\u00e7\u00e3o o condutor de uma Fiat\/Strada Adventure, placas de Vit\u00f3ria da Conquista (BA),\u00a0desobedeceu a ordem de parada e seguiu em alta velocidade pela rodovia. Ap\u00f3s ser alcan\u00e7ado, o indiv\u00edduo conseguiu fugir correndo e se embrenhou em um matagal. Equipes da Pol\u00edcia Militar de Leopoldina auxiliaram nas bucas, por\u00e9m at\u00e9 o fechamento desta mat\u00e9ria o suspeito n\u00e3o havia sido localizado.\u00a0No interior do ve\u00edculo foram apreendidos 65 quilos de maconha no compartimento de cargas al\u00e9m de 100 gramas de coca\u00edna em seu interior.<\/p>\n<p>Ap\u00f3s os procedimentos de identifica\u00e7\u00e3o veicular, os policiais verificaram que a caminhonete era clonada e possu\u00eda registro de roubo em Santo Antonio de Jesus (BA) em dezembro\u00a0de 2016.<\/p>\n<p>As drogas e a Fiat Strada foram encaminhadas para a Delegacia de Pol\u00edcia Civil em Leopoldina.<\/p><\/div>\n<p>&nbsp;<\/p>\n<p><b>Fonte:\u00a0<\/b>O VIGILANTE ONLINE &#8211; PRF\/Leopoldina<\/p>\n","protected":false},"excerpt":{"rendered":"<p>Cerca de 65 Kg de maconha e 100 gramas de coca\u00edna foram apreendidos depois de uma persegui\u00e7\u00e3o da Pol\u00edcia Rodovi\u00e1ria Federal na madrugada deste domingo, 13, em Leopoldina. Os policiais Renato, Mattos e Can\u00eado perseguiram a caminhonete\u00a0desde as proximidades do Posto de Fiscaliza\u00e7\u00e3o da PRF, localizado no Km 768 da BR-116, at\u00e9 o trevo de [&hellip;]<\/p>\n","protected":false},"author":96,"featured_media":103844,"comment_status":"closed","ping_status":"closed","sticky":false,"template":"","format":"standard","meta":{"footnotes":""},"categories":[252,439],"tags":[],"class_list":["post-103843","post","type-post","status-publish","format-standard","has-post-thumbnail","hentry","category-regiao","category-ultima-hora"],"_links":{"self":[{"href":"https:\/\/diarioregionaldigital.com.br\/index.php?rest_route=\/wp\/v2\/posts\/103843","targetHints":{"allow":["GET"]}}],"collection":[{"href":"https:\/\/diarioregionaldigital.com.br\/index.php?rest_route=\/wp\/v2\/posts"}],"about":[{"href":"https:\/\/diarioregionaldigital.com.br\/index.php?rest_route=\/wp\/v2\/types\/post"}],"author":[{"embeddable":true,"href":"https:\/\/diarioregionaldigital.com.br\/index.php?rest_route=\/wp\/v2\/users\/96"}],"replies":[{"embeddable":true,"href":"https:\/\/diarioregionaldigital.com.br\/index.php?rest_route=%2Fwp%2Fv2%2Fcomments&post=103843"}],"version-history":[{"count":0,"href":"https:\/\/diarioregionaldigital.com.br\/index.php?rest_route=\/wp\/v2\/posts\/103843\/revisions"}],"wp:featuredmedia":[{"embeddable":true,"href":"https:\/\/diarioregionaldigital.com.br\/index.php?rest_route=\/wp\/v2\/media\/103844"}],"wp:attachment":[{"href":"https:\/\/diarioregionaldigital.com.br\/index.php?rest_route=%2Fwp%2Fv2%2Fmedia&parent=103843"}],"wp:term":[{"taxonomy":"category","embeddable":true,"href":"https:\/\/diarioregionaldigital.com.br\/index.php?rest_route=%2Fwp%2Fv2%2Fcategories&post=103843"},{"taxonomy":"post_tag","embeddable":true,"href":"https:\/\/diarioregionaldigital.com.br\/index.php?rest_route=%2Fwp%2Fv2%2Ftags&post=103843"}],"curies":[{"name":"wp","href":"https:\/\/api.w.org\/{rel}","templated":true}]}}