{"id":103838,"date":"2018-05-14T09:39:43","date_gmt":"2018-05-14T12:39:43","guid":{"rendered":"http:\/\/diarioregionaljf.com.br\/?p=103838"},"modified":"2018-05-14T09:39:43","modified_gmt":"2018-05-14T12:39:43","slug":"chanceleres-do-g20-se-reunem-em-bueno-aires-no-proximo-dia-21","status":"publish","type":"post","link":"https:\/\/diarioregionaldigital.com.br\/?p=103838","title":{"rendered":"Chanceleres do G20 se re\u00fanem em Bueno Aires no pr\u00f3ximo dia 21"},"content":{"rendered":"<p>Os Ministros das Rela\u00e7\u00f5es Exteriores do G20 (grupo das vinte maiores economias do mundo) se reunir\u00e3o no pr\u00f3ximo dia 21, em Buenos Aires para debater o \u201cdesenvolvimento justo e equitativo\u201d nos pa\u00edses. Mas dois temas que n\u00e3o estavam previstos na agenda certamente ser\u00e3o discutidos: as elei\u00e7\u00f5es presidenciais da Venezuela do pr\u00f3ximo domingo, 20, que a oposi\u00e7\u00e3o decidiu boicotar por consider\u00e1-las uma fraude, e o impacto do aumento do d\u00f3lar sobre a Argentina, que na semana passada recorreu a ajuda financeira do Fundo Monet\u00e1rio Internacional (FMI) pela primeira vez em 13 anos.<\/p>\n<p>A Argentina preside o G20 at\u00e9 o final deste ano, quando ser\u00e1 realizada uma c\u00fapula de chefes-de-governo e de estado em Buenos Aires. O tema da presid\u00eancia argentina, \u201cConstruir consenso para um desenvolvimento justo e equitativo\u201d, trata da necessidade de investir em infraestrutura e educa\u00e7\u00e3o, para fazer frente aos desafios do futuro \u2013 num cen\u00e1rio onde as inova\u00e7\u00f5es tecnol\u00f3gicas est\u00e3o mudando o mercado de trabalho.<\/p>\n<p>O presidente da Argentina, Mauricio Macri, assumiu em 2015 com a promessa de modernizar o pais, abrindo a economia para atrair capitais e investindo em infraestrutura. Mas a decis\u00e3o do governo norte-americano de aumentar as taxas de juros levou muitos investidores a tirarem seu dinheiro dos mercados emergentes, onde correm mais riscos, para aplic\u00e1-los nos Estados Unidos, onde passou a render mais.<\/p>\n<p>O Banco Central argentino se viu obrigado a elevar as taxas de juros de suas letras a 40%, na tentativa de atrair de volta os investidores, e a recorrer ao FMI, para reestabelecer a confian\u00e7a em seu mercado. Mas tamb\u00e9m ter\u00e1 que fazer ajustes \u2013 entre eles, o corte nos gastos com obras publicas. Na semana passada, a Argentina buscou apoio internacional para a sua decis\u00e3o, que tem sofrido resist\u00eancia dentro do pais.<\/p>\n<p>Os membros do G20 s\u00e3o: Argentina, Austr\u00e1lia, Brasil, Canad\u00e1, China, Franca, Alemanha, \u00cdndia, Indon\u00e9sia, It\u00e1lia, Jap\u00e3o, M\u00e9xico, Coreia do Sul, R\u00fassia, Ar\u00e1bia Saudita, \u00c1frica do Sul, Turquia, Reino Unido, Estados Unidos e a Uni\u00e3o Europeia.<\/p>\n<p>Fonte: Ag\u00eancia Brasil<\/p>\n","protected":false},"excerpt":{"rendered":"<p>Os Ministros das Rela\u00e7\u00f5es Exteriores do G20 (grupo das vinte maiores economias do mundo) se reunir\u00e3o no pr\u00f3ximo dia 21, em Buenos Aires para debater o \u201cdesenvolvimento justo e equitativo\u201d nos pa\u00edses. Mas dois temas que n\u00e3o estavam previstos na agenda certamente ser\u00e3o discutidos: as elei\u00e7\u00f5es presidenciais da Venezuela do pr\u00f3ximo domingo, 20, que a [&hellip;]<\/p>\n","protected":false},"author":96,"featured_media":97709,"comment_status":"closed","ping_status":"closed","sticky":false,"template":"","format":"standard","meta":{"footnotes":""},"categories":[302,439],"tags":[],"class_list":["post-103838","post","type-post","status-publish","format-standard","has-post-thumbnail","hentry","category-brasil-mundo","category-ultima-hora"],"_links":{"self":[{"href":"https:\/\/diarioregionaldigital.com.br\/index.php?rest_route=\/wp\/v2\/posts\/103838","targetHints":{"allow":["GET"]}}],"collection":[{"href":"https:\/\/diarioregionaldigital.com.br\/index.php?rest_route=\/wp\/v2\/posts"}],"about":[{"href":"https:\/\/diarioregionaldigital.com.br\/index.php?rest_route=\/wp\/v2\/types\/post"}],"author":[{"embeddable":true,"href":"https:\/\/diarioregionaldigital.com.br\/index.php?rest_route=\/wp\/v2\/users\/96"}],"replies":[{"embeddable":true,"href":"https:\/\/diarioregionaldigital.com.br\/index.php?rest_route=%2Fwp%2Fv2%2Fcomments&post=103838"}],"version-history":[{"count":0,"href":"https:\/\/diarioregionaldigital.com.br\/index.php?rest_route=\/wp\/v2\/posts\/103838\/revisions"}],"wp:featuredmedia":[{"embeddable":true,"href":"https:\/\/diarioregionaldigital.com.br\/index.php?rest_route=\/wp\/v2\/media\/97709"}],"wp:attachment":[{"href":"https:\/\/diarioregionaldigital.com.br\/index.php?rest_route=%2Fwp%2Fv2%2Fmedia&parent=103838"}],"wp:term":[{"taxonomy":"category","embeddable":true,"href":"https:\/\/diarioregionaldigital.com.br\/index.php?rest_route=%2Fwp%2Fv2%2Fcategories&post=103838"},{"taxonomy":"post_tag","embeddable":true,"href":"https:\/\/diarioregionaldigital.com.br\/index.php?rest_route=%2Fwp%2Fv2%2Ftags&post=103838"}],"curies":[{"name":"wp","href":"https:\/\/api.w.org\/{rel}","templated":true}]}}