{"id":103835,"date":"2018-05-14T09:36:16","date_gmt":"2018-05-14T12:36:16","guid":{"rendered":"http:\/\/diarioregionaljf.com.br\/?p=103835"},"modified":"2018-05-14T09:36:16","modified_gmt":"2018-05-14T12:36:16","slug":"anistia-internacional-cobra-conclusao-sobre-assassinato-de-marielle","status":"publish","type":"post","link":"https:\/\/diarioregionaldigital.com.br\/?p=103835","title":{"rendered":"Anistia Internacional cobra conclus\u00e3o sobre assassinato de Marielle"},"content":{"rendered":"<p>Ap\u00f3s dois meses dos assassinatos de Marielle Franco e do motorista Anderson Gomes, a Anistia Internacional afirmou que, cada dia que se passa sem respostas sobre o caso, aumenta as d\u00favidas sobre a efic\u00e1cia da investiga\u00e7\u00e3o. Em nota publicada nesse domingo, 13, a diretora executiva da institui\u00e7\u00e3o no Brasil, Jurema Werneck, refor\u00e7ou que as perguntas quem matou Marielle e Anderson e quem mandou matar n\u00e3o podem ficar sem respostas.<\/p>\n<p>O comunicado traz tamb\u00e9m declara\u00e7\u00f5es da fam\u00edlia de Marielle. A m\u00e3e da vereadora, Marinete Silva, agradece os esfor\u00e7os feitos at\u00e9 o momento na investiga\u00e7\u00e3o, considerada s\u00e9ria, e destaca tamb\u00e9m a necessidade de continuar a cobran\u00e7a por justi\u00e7a.<\/p>\n<p>Segundo a nota, a irm\u00e3 de Marielle, Anielle Silva, tamb\u00e9m reafirma o compromisso de lutar pelo esclarecimento do assassinato. \u201dEnquanto tivermos for\u00e7as exigeremos Justi\u00e7a, e o faremos nas ruas e nos espa\u00e7os p\u00fablicos. A minha irm\u00e3 era da resist\u00eancia e \u00e9 assim que n\u00f3s seremos at\u00e9 o fim\u201d.<\/p>\n<p>Na tarde desta segunda-feira, 14, est\u00e1 programado um ato, para as 16h, nas escadarias da C\u00e2mara dos Vereadores. A manifesta\u00e7\u00e3o \u00e9 organizada pelo PSOL, partido da vereadora, em lembran\u00e7a dos 60 dias do assassinato. Uma faixa ser\u00e1 estendida para que os participantes escreverem mensagens em mem\u00f3ria de Marielle e Anderson.<\/p>\n<p>Fonte: Ag\u00eancia Brasil<\/p>\n","protected":false},"excerpt":{"rendered":"<p>Ap\u00f3s dois meses dos assassinatos de Marielle Franco e do motorista Anderson Gomes, a Anistia Internacional afirmou que, cada dia que se passa sem respostas sobre o caso, aumenta as d\u00favidas sobre a efic\u00e1cia da investiga\u00e7\u00e3o. Em nota publicada nesse domingo, 13, a diretora executiva da institui\u00e7\u00e3o no Brasil, Jurema Werneck, refor\u00e7ou que as perguntas [&hellip;]<\/p>\n","protected":false},"author":96,"featured_media":103836,"comment_status":"closed","ping_status":"closed","sticky":false,"template":"","format":"standard","meta":{"footnotes":""},"categories":[302,436,439],"tags":[],"class_list":["post-103835","post","type-post","status-publish","format-standard","has-post-thumbnail","hentry","category-brasil-mundo","category-destaque-da-semana","category-ultima-hora"],"_links":{"self":[{"href":"https:\/\/diarioregionaldigital.com.br\/index.php?rest_route=\/wp\/v2\/posts\/103835","targetHints":{"allow":["GET"]}}],"collection":[{"href":"https:\/\/diarioregionaldigital.com.br\/index.php?rest_route=\/wp\/v2\/posts"}],"about":[{"href":"https:\/\/diarioregionaldigital.com.br\/index.php?rest_route=\/wp\/v2\/types\/post"}],"author":[{"embeddable":true,"href":"https:\/\/diarioregionaldigital.com.br\/index.php?rest_route=\/wp\/v2\/users\/96"}],"replies":[{"embeddable":true,"href":"https:\/\/diarioregionaldigital.com.br\/index.php?rest_route=%2Fwp%2Fv2%2Fcomments&post=103835"}],"version-history":[{"count":0,"href":"https:\/\/diarioregionaldigital.com.br\/index.php?rest_route=\/wp\/v2\/posts\/103835\/revisions"}],"wp:featuredmedia":[{"embeddable":true,"href":"https:\/\/diarioregionaldigital.com.br\/index.php?rest_route=\/wp\/v2\/media\/103836"}],"wp:attachment":[{"href":"https:\/\/diarioregionaldigital.com.br\/index.php?rest_route=%2Fwp%2Fv2%2Fmedia&parent=103835"}],"wp:term":[{"taxonomy":"category","embeddable":true,"href":"https:\/\/diarioregionaldigital.com.br\/index.php?rest_route=%2Fwp%2Fv2%2Fcategories&post=103835"},{"taxonomy":"post_tag","embeddable":true,"href":"https:\/\/diarioregionaldigital.com.br\/index.php?rest_route=%2Fwp%2Fv2%2Ftags&post=103835"}],"curies":[{"name":"wp","href":"https:\/\/api.w.org\/{rel}","templated":true}]}}