{"id":103825,"date":"2018-05-14T09:08:43","date_gmt":"2018-05-14T12:08:43","guid":{"rendered":"http:\/\/diarioregionaljf.com.br\/?p=103825"},"modified":"2018-05-14T09:08:43","modified_gmt":"2018-05-14T12:08:43","slug":"jovem-morre-apos-ser-baleado-na-zona-sul","status":"publish","type":"post","link":"https:\/\/diarioregionaldigital.com.br\/?p=103825","title":{"rendered":"Jovem morre ap\u00f3s ser baleado na zona Sul"},"content":{"rendered":"<p>Um jovem de 28 anos morreu ap\u00f3s ser baleado no bairro Santa Efig\u00eania, zona Sul da cidade, na noite desse domingo, 13. Segundo informa\u00e7\u00f5es do registro da ocorr\u00eancia na Pol\u00edcia Militar (PM), constam contra a v\u00edtima denuncias an\u00f4nimas de envolvimento com o tr\u00e1fico de drogas no bairro Ipiranga.<\/p>\n<p>Os militares se deslocaram at\u00e9 a UPA Santa Luzia, onde o jovem foi socorrido em estado grave, com um tiro pr\u00f3ximo \u00e0 axila direita. Em contato com a irm\u00e3 da v\u00edtima, esta relatou \u00e0 PM que ela, o irm\u00e3o e a namorada do mesmo transitavam pela Rua Ant\u00f4nio da Rocha Lima quando um indiv\u00edduo se aproximou e, ap\u00f3s sacar um arma, efetuou diversos disparos contra o jovem.<\/p>\n<p>Uma viatura compareceu ao local informado, mas n\u00e3o foram encontrados vest\u00edgios de sangue, nem estojos de arma de fogo deflagrados. Uma testemunha relatou que estava dentro de sua resid\u00eancia quando ouviu tr\u00eas tiros. Ao sair de casa, se deparou com a v\u00edtima ca\u00edda ao ch\u00e3o. Segundo ela, o jovem estava sem sangramento aparente, mas inconsciente.<\/p>\n<p>A testemunha, que afirma n\u00e3o ter visto o autor dos disparos, providenciou o socorro para o jovem.<\/p>\n<p>Ainda conforme o registro da ocorr\u00eancia, a namorada do jovem, uma adolescente de 17 anos, \u00e9 moradora de um local no qual atua uma gangue e estaria envolvida em v\u00e1rios crimes, tais como homic\u00eddio e tr\u00e1fico de drogas. Os policiais compareceram \u00e0 casa da menor, que confirmou a vers\u00e3o dada pela irm\u00e3 da v\u00edtima.<\/p>\n<p>A adolescente afirmou ter visto o rosto do autor dos disparos, mas negou conhecer o mesmo. Ela esclareceu, tamb\u00e9m, que o namorado estava envolvido com o tr\u00e1fico de drogas no bairro Ipiranga e acredita ser essa a motiva\u00e7\u00e3o do homic\u00eddio.<\/p>\n","protected":false},"excerpt":{"rendered":"<p>Um jovem de 28 anos morreu ap\u00f3s ser baleado no bairro Santa Efig\u00eania, zona Sul da cidade, na noite desse domingo, 13. Segundo informa\u00e7\u00f5es do registro da ocorr\u00eancia na Pol\u00edcia Militar (PM), constam contra a v\u00edtima denuncias an\u00f4nimas de envolvimento com o tr\u00e1fico de drogas no bairro Ipiranga. Os militares se deslocaram at\u00e9 a UPA [&hellip;]<\/p>\n","protected":false},"author":96,"featured_media":95836,"comment_status":"closed","ping_status":"closed","sticky":false,"template":"","format":"standard","meta":{"footnotes":""},"categories":[301,439],"tags":[],"class_list":["post-103825","post","type-post","status-publish","format-standard","has-post-thumbnail","hentry","category-artigos-policiais","category-ultima-hora"],"_links":{"self":[{"href":"https:\/\/diarioregionaldigital.com.br\/index.php?rest_route=\/wp\/v2\/posts\/103825","targetHints":{"allow":["GET"]}}],"collection":[{"href":"https:\/\/diarioregionaldigital.com.br\/index.php?rest_route=\/wp\/v2\/posts"}],"about":[{"href":"https:\/\/diarioregionaldigital.com.br\/index.php?rest_route=\/wp\/v2\/types\/post"}],"author":[{"embeddable":true,"href":"https:\/\/diarioregionaldigital.com.br\/index.php?rest_route=\/wp\/v2\/users\/96"}],"replies":[{"embeddable":true,"href":"https:\/\/diarioregionaldigital.com.br\/index.php?rest_route=%2Fwp%2Fv2%2Fcomments&post=103825"}],"version-history":[{"count":0,"href":"https:\/\/diarioregionaldigital.com.br\/index.php?rest_route=\/wp\/v2\/posts\/103825\/revisions"}],"wp:featuredmedia":[{"embeddable":true,"href":"https:\/\/diarioregionaldigital.com.br\/index.php?rest_route=\/wp\/v2\/media\/95836"}],"wp:attachment":[{"href":"https:\/\/diarioregionaldigital.com.br\/index.php?rest_route=%2Fwp%2Fv2%2Fmedia&parent=103825"}],"wp:term":[{"taxonomy":"category","embeddable":true,"href":"https:\/\/diarioregionaldigital.com.br\/index.php?rest_route=%2Fwp%2Fv2%2Fcategories&post=103825"},{"taxonomy":"post_tag","embeddable":true,"href":"https:\/\/diarioregionaldigital.com.br\/index.php?rest_route=%2Fwp%2Fv2%2Ftags&post=103825"}],"curies":[{"name":"wp","href":"https:\/\/api.w.org\/{rel}","templated":true}]}}