{"id":103823,"date":"2018-05-14T08:18:03","date_gmt":"2018-05-14T11:18:03","guid":{"rendered":"http:\/\/diarioregionaljf.com.br\/?p=103823"},"modified":"2018-05-14T08:18:03","modified_gmt":"2018-05-14T11:18:03","slug":"esp-mg-e-ces-mg-selecionam-alunos-para-qualificacao-do-controle-social-no-sus","status":"publish","type":"post","link":"https:\/\/diarioregionaldigital.com.br\/?p=103823","title":{"rendered":"ESP-MG e CES-MG selecionam alunos para qualifica\u00e7\u00e3o do Controle Social no SUS"},"content":{"rendered":"<p>A <a href=\"http:\/\/www.esp.mg.gov.br\/\" target=\"_blank\" rel=\"noopener\">Escola de Sa\u00fade P\u00fablica do Estado de Minas Gerais (ESP-MG)<\/a>, em parceria com o <a href=\"http:\/\/ces.saude.mg.gov.br\/\" target=\"_blank\" rel=\"noopener\">Conselho Estadual de Sa\u00fade de Minas Gerais (CES-MG)<\/a>, seleciona alunos para o Curso de Qualifica\u00e7\u00e3o de Conselheiras e Conselheiros Municipais de Sa\u00fade.<\/p>\n<p>A a\u00e7\u00e3o educacional tem o objetivo de garantir aos conselheiros, informa\u00e7\u00f5es que os credenciem para a atua\u00e7\u00e3o na defesa e promo\u00e7\u00e3o do Sistema \u00danico de Sa\u00fade (SUS), com conhecimento espec\u00edfico de legisla\u00e7\u00e3o, or\u00e7amento e financiamento das Pol\u00edticas de Sa\u00fade.<\/p>\n<p>As aulas ir\u00e3o abordar as compet\u00eancias do conselheiro e dos conselhos municipais, al\u00e9m de apresentar o hist\u00f3rico do SUS e dialogar sobre gest\u00e3o do or\u00e7amento e financiamento da sa\u00fade.<\/p>\n<p>&nbsp;<\/p>\n<p><span style=\"font-size: 12pt;\"><strong>REGI\u00d5ES<\/strong><\/span><\/p>\n<p>De 21\/05 a 25\/05, as aulas ser\u00e3o nos munic\u00edpios da regi\u00e3o de Ponte Nova e Varginha. Em Divin\u00f3polis e regi\u00e3o, o curso ser\u00e1 de 04 a 08\/06, e nos munic\u00edpios da regi\u00e3o de Barbacena, Diamantina, Montes Claros e Passos, de 11 a 15\/06. A a\u00e7\u00e3o educacional tem carga hor\u00e1ria de 40h.<\/p>\n<p>&nbsp;<\/p>\n<p><span style=\"font-size: 12pt;\"><strong>INSCRI\u00c7\u00d5ES<\/strong><\/span><\/p>\n<p>Os conselheiros interessados em participar do curso dever\u00e3o ser inscritos via Conselho Municipal de origem. Ser\u00e3o destinadas quatro vagas para cada CMS, respeitando a paridade de g\u00eanero.<\/p>\n<p>&nbsp;<\/p>\n<p>Fonte: Assessoria<\/p>\n","protected":false},"excerpt":{"rendered":"<p>A Escola de Sa\u00fade P\u00fablica do Estado de Minas Gerais (ESP-MG), em parceria com o Conselho Estadual de Sa\u00fade de Minas Gerais (CES-MG), seleciona alunos para o Curso de Qualifica\u00e7\u00e3o de Conselheiras e Conselheiros Municipais de Sa\u00fade. A a\u00e7\u00e3o educacional tem o objetivo de garantir aos conselheiros, informa\u00e7\u00f5es que os credenciem para a atua\u00e7\u00e3o na [&hellip;]<\/p>\n","protected":false},"author":96,"featured_media":95105,"comment_status":"closed","ping_status":"closed","sticky":false,"template":"","format":"standard","meta":{"footnotes":""},"categories":[252,439],"tags":[],"class_list":["post-103823","post","type-post","status-publish","format-standard","has-post-thumbnail","hentry","category-regiao","category-ultima-hora"],"_links":{"self":[{"href":"https:\/\/diarioregionaldigital.com.br\/index.php?rest_route=\/wp\/v2\/posts\/103823","targetHints":{"allow":["GET"]}}],"collection":[{"href":"https:\/\/diarioregionaldigital.com.br\/index.php?rest_route=\/wp\/v2\/posts"}],"about":[{"href":"https:\/\/diarioregionaldigital.com.br\/index.php?rest_route=\/wp\/v2\/types\/post"}],"author":[{"embeddable":true,"href":"https:\/\/diarioregionaldigital.com.br\/index.php?rest_route=\/wp\/v2\/users\/96"}],"replies":[{"embeddable":true,"href":"https:\/\/diarioregionaldigital.com.br\/index.php?rest_route=%2Fwp%2Fv2%2Fcomments&post=103823"}],"version-history":[{"count":0,"href":"https:\/\/diarioregionaldigital.com.br\/index.php?rest_route=\/wp\/v2\/posts\/103823\/revisions"}],"wp:featuredmedia":[{"embeddable":true,"href":"https:\/\/diarioregionaldigital.com.br\/index.php?rest_route=\/wp\/v2\/media\/95105"}],"wp:attachment":[{"href":"https:\/\/diarioregionaldigital.com.br\/index.php?rest_route=%2Fwp%2Fv2%2Fmedia&parent=103823"}],"wp:term":[{"taxonomy":"category","embeddable":true,"href":"https:\/\/diarioregionaldigital.com.br\/index.php?rest_route=%2Fwp%2Fv2%2Fcategories&post=103823"},{"taxonomy":"post_tag","embeddable":true,"href":"https:\/\/diarioregionaldigital.com.br\/index.php?rest_route=%2Fwp%2Fv2%2Ftags&post=103823"}],"curies":[{"name":"wp","href":"https:\/\/api.w.org\/{rel}","templated":true}]}}