{"id":103816,"date":"2018-05-14T07:56:13","date_gmt":"2018-05-14T10:56:13","guid":{"rendered":"http:\/\/diarioregionaljf.com.br\/?p=103816"},"modified":"2018-05-14T07:56:13","modified_gmt":"2018-05-14T10:56:13","slug":"homem-e-baleado-apos-briga-no-bandeirantes","status":"publish","type":"post","link":"https:\/\/diarioregionaldigital.com.br\/?p=103816","title":{"rendered":"Homem \u00e9 baleado ap\u00f3s briga no Bandeirantes"},"content":{"rendered":"<p>Um homem de 44 anos foi baleado na Rua Sabino Francisco de Barros, no bairro Bandeirantes, zona Nordeste de Juiz de Fora, na noite desse domingo, 13. De acordo com informa\u00e7\u00f5es da Pol\u00edcia Militar (PM), o suspeito do crime \u00e9 um homem de 36 anos, com quem a v\u00edtima teria se desentendido.<\/p>\n<p>Conforme informa\u00e7\u00f5es do registro da ocorr\u00eancia, ao chegarem no local os militares se depararam com o homem ca\u00eddo ao ch\u00e3o, consciente e com sintomas de embriaguez. Foi constatada uma perfura\u00e7\u00e3o por arma de fogo no abd\u00f4men da v\u00edtima.<\/p>\n<p>Populares relataram \u00e0 PM que a motiva\u00e7\u00e3o do crime teria sido uma briga entre a v\u00edtima e o suspeito. Ainda segundo os relatos, ap\u00f3s balear o homem, o autor teria fugido em um carro.<\/p>\n<p>A v\u00edtima socorrida foi socorrida por uma unidade do Servi\u00e7o de Atendimento M\u00f3vel de Urg\u00eancia (SAMU) e encaminhada at\u00e9 o Hospital de Pronto Socorro (HPS), onde constatou-se uma perfura\u00e7\u00e3o no t\u00f3rax. O homem ficou internado \u00e0 espera de cirurgia.<\/p>\n<p>O suspeito do crime n\u00e3o foi localizado.<\/p>\n","protected":false},"excerpt":{"rendered":"<p>Um homem de 44 anos foi baleado na Rua Sabino Francisco de Barros, no bairro Bandeirantes, zona Nordeste de Juiz de Fora, na noite desse domingo, 13. De acordo com informa\u00e7\u00f5es da Pol\u00edcia Militar (PM), o suspeito do crime \u00e9 um homem de 36 anos, com quem a v\u00edtima teria se desentendido. Conforme informa\u00e7\u00f5es do [&hellip;]<\/p>\n","protected":false},"author":96,"featured_media":95836,"comment_status":"closed","ping_status":"closed","sticky":false,"template":"","format":"standard","meta":{"footnotes":""},"categories":[301,439],"tags":[],"class_list":["post-103816","post","type-post","status-publish","format-standard","has-post-thumbnail","hentry","category-artigos-policiais","category-ultima-hora"],"_links":{"self":[{"href":"https:\/\/diarioregionaldigital.com.br\/index.php?rest_route=\/wp\/v2\/posts\/103816","targetHints":{"allow":["GET"]}}],"collection":[{"href":"https:\/\/diarioregionaldigital.com.br\/index.php?rest_route=\/wp\/v2\/posts"}],"about":[{"href":"https:\/\/diarioregionaldigital.com.br\/index.php?rest_route=\/wp\/v2\/types\/post"}],"author":[{"embeddable":true,"href":"https:\/\/diarioregionaldigital.com.br\/index.php?rest_route=\/wp\/v2\/users\/96"}],"replies":[{"embeddable":true,"href":"https:\/\/diarioregionaldigital.com.br\/index.php?rest_route=%2Fwp%2Fv2%2Fcomments&post=103816"}],"version-history":[{"count":0,"href":"https:\/\/diarioregionaldigital.com.br\/index.php?rest_route=\/wp\/v2\/posts\/103816\/revisions"}],"wp:featuredmedia":[{"embeddable":true,"href":"https:\/\/diarioregionaldigital.com.br\/index.php?rest_route=\/wp\/v2\/media\/95836"}],"wp:attachment":[{"href":"https:\/\/diarioregionaldigital.com.br\/index.php?rest_route=%2Fwp%2Fv2%2Fmedia&parent=103816"}],"wp:term":[{"taxonomy":"category","embeddable":true,"href":"https:\/\/diarioregionaldigital.com.br\/index.php?rest_route=%2Fwp%2Fv2%2Fcategories&post=103816"},{"taxonomy":"post_tag","embeddable":true,"href":"https:\/\/diarioregionaldigital.com.br\/index.php?rest_route=%2Fwp%2Fv2%2Ftags&post=103816"}],"curies":[{"name":"wp","href":"https:\/\/api.w.org\/{rel}","templated":true}]}}