{"id":103814,"date":"2018-05-14T07:38:57","date_gmt":"2018-05-14T10:38:57","guid":{"rendered":"http:\/\/diarioregionaljf.com.br\/?p=103814"},"modified":"2018-05-14T07:38:57","modified_gmt":"2018-05-14T10:38:57","slug":"portaria-formaliza-comissao-especial-de-apuracao-da-regularidade-funcional-de-servidores-estaduais","status":"publish","type":"post","link":"https:\/\/diarioregionaldigital.com.br\/?p=103814","title":{"rendered":"Portaria formaliza comiss\u00e3o especial de apura\u00e7\u00e3o da regularidade funcional de servidores estaduais"},"content":{"rendered":"<p>Foi publicada na edi\u00e7\u00e3o do <a href=\"http:\/\/www.iof.mg.gov.br\/index.php?\/ultima-edicao.html\" target=\"_blank\" rel=\"noopener\">Di\u00e1rio Oficial<\/a> deste s\u00e1bado (12\/5), a <a href=\"http:\/\/jornal.iof.mg.gov.br\/xmlui\/handle\/123456789\/201173?paginaCorrente=01&amp;posicaoPagCorrente=201147&amp;linkBase=http%3A%2F%2Fjornal.iof.mg.gov.br%3A80%2Fxmlui%2Fhandle%2F123456789%2F&amp;totalPaginas=60&amp;paginaDestino=27&amp;indice=0\" target=\"_blank\" rel=\"noopener\">portaria que institui formalmente a comiss\u00e3o especial de apura\u00e7\u00e3o da regularidade funcional de servidores do Estado de Minas Gerais<\/a>.<\/p>\n<p>Formada por representantes da Secretaria de Estado de Fazenda (SEF), da Secretaria de Planejamento e Gest\u00e3o (Seplag), da Advocacia-Geral do Estado (AGE) e da Controladoria-Geral do Estado (CGE), a comiss\u00e3o especial tem o objetivo de analisar a lista entregue pelo Tribunal de Contas do Estado (TCE) baseada na folha de pagamento de janeiro de 2015 que, segundo o \u00f3rg\u00e3o, apresenta nomes de servidores p\u00fablicos com ind\u00edcios de ac\u00famulo irregular de cargos.<\/p>\n<p>Para que n\u00e3o sejam cometidas injusti\u00e7as com os servidores que, amparados pela lei, t\u00eam autoriza\u00e7\u00e3o para acumular at\u00e9 dois cargos &#8211; caso dos profissionais da Sa\u00fade e da Educa\u00e7\u00e3o -, a comiss\u00e3o especial trabalha no refinamento da lista do TCE.<\/p>\n<p>Numa an\u00e1lise preliminar, em que foi utilizado Sistema Integrado de Administra\u00e7\u00e3o de Pessoal (Sisap), foi constado que 13.656 nomes da lista do TCE j\u00e1 n\u00e3o constam na atual folha de pagamento. A avalia\u00e7\u00e3o considera a situa\u00e7\u00e3o perante o Estado e a Uni\u00e3o, uma vez que n\u00e3o h\u00e1 um compartilhamento da base de dados dos munic\u00edpios com o Executivo Estadual.<\/p>\n<p>A informa\u00e7\u00e3o sobre os v\u00ednculos com entes municipais continua dependendo da informa\u00e7\u00e3o do TCE.<\/p>\n<p>O trabalho da comiss\u00e3o especial continua. Entretanto, vale destacar que a gest\u00e3o sobre o ac\u00famulo de cargos \u00e9 um processo cont\u00ednuo no Poder Executivo Estadual, que busca inibir quaisquer pagamentos indevidos que se enquadrem em casos proibidos pela legisla\u00e7\u00e3o. Somente no ano passado, 28 mil processos foram analisados por uma diretoria que cuida exclusivamente do tema.<\/p>\n<p>&nbsp;<\/p>\n<p>Fonte: Ag\u00eancia Minas<\/p>\n","protected":false},"excerpt":{"rendered":"<p>Foi publicada na edi\u00e7\u00e3o do Di\u00e1rio Oficial deste s\u00e1bado (12\/5), a portaria que institui formalmente a comiss\u00e3o especial de apura\u00e7\u00e3o da regularidade funcional de servidores do Estado de Minas Gerais. Formada por representantes da Secretaria de Estado de Fazenda (SEF), da Secretaria de Planejamento e Gest\u00e3o (Seplag), da Advocacia-Geral do Estado (AGE) e da Controladoria-Geral [&hellip;]<\/p>\n","protected":false},"author":96,"featured_media":95105,"comment_status":"closed","ping_status":"closed","sticky":false,"template":"","format":"standard","meta":{"footnotes":""},"categories":[252,439],"tags":[],"class_list":["post-103814","post","type-post","status-publish","format-standard","has-post-thumbnail","hentry","category-regiao","category-ultima-hora"],"_links":{"self":[{"href":"https:\/\/diarioregionaldigital.com.br\/index.php?rest_route=\/wp\/v2\/posts\/103814","targetHints":{"allow":["GET"]}}],"collection":[{"href":"https:\/\/diarioregionaldigital.com.br\/index.php?rest_route=\/wp\/v2\/posts"}],"about":[{"href":"https:\/\/diarioregionaldigital.com.br\/index.php?rest_route=\/wp\/v2\/types\/post"}],"author":[{"embeddable":true,"href":"https:\/\/diarioregionaldigital.com.br\/index.php?rest_route=\/wp\/v2\/users\/96"}],"replies":[{"embeddable":true,"href":"https:\/\/diarioregionaldigital.com.br\/index.php?rest_route=%2Fwp%2Fv2%2Fcomments&post=103814"}],"version-history":[{"count":0,"href":"https:\/\/diarioregionaldigital.com.br\/index.php?rest_route=\/wp\/v2\/posts\/103814\/revisions"}],"wp:featuredmedia":[{"embeddable":true,"href":"https:\/\/diarioregionaldigital.com.br\/index.php?rest_route=\/wp\/v2\/media\/95105"}],"wp:attachment":[{"href":"https:\/\/diarioregionaldigital.com.br\/index.php?rest_route=%2Fwp%2Fv2%2Fmedia&parent=103814"}],"wp:term":[{"taxonomy":"category","embeddable":true,"href":"https:\/\/diarioregionaldigital.com.br\/index.php?rest_route=%2Fwp%2Fv2%2Fcategories&post=103814"},{"taxonomy":"post_tag","embeddable":true,"href":"https:\/\/diarioregionaldigital.com.br\/index.php?rest_route=%2Fwp%2Fv2%2Ftags&post=103814"}],"curies":[{"name":"wp","href":"https:\/\/api.w.org\/{rel}","templated":true}]}}