{"id":100420,"date":"2018-05-13T21:06:04","date_gmt":"2018-05-14T00:06:04","guid":{"rendered":"http:\/\/diarioregionaljf.com.br\/?p=100420"},"modified":"2018-05-14T19:05:26","modified_gmt":"2018-05-14T22:05:26","slug":"esquenta-para-o-premium-fm-festival-movimentou-evento-na-rua-sao-joao","status":"publish","type":"post","link":"https:\/\/diarioregionaldigital.com.br\/?p=100420","title":{"rendered":"Esquenta para o Premium FM Festival movimentou evento na Rua S\u00e3o Jo\u00e3o"},"content":{"rendered":"<p>O evento \u201cRua S\u00e3o Jo\u00e3o \u2013 Do tamanho do cora\u00e7\u00e3o de m\u00e3e\u201d aconteceu no \u00faltimo fim de semana e reuniu muitas atra\u00e7\u00f5es culturais e gastron\u00f4micas. Entre essas atra\u00e7\u00f5es, o esquenta para o Premium FM Festival contou com um palco instalado na rua S\u00e3o Jo\u00e3o que levou muita alegria e m\u00fasica de qualidade para todos que participaram.<\/p>\n<p><img loading=\"lazy\" decoding=\"async\" class=\"size-medium wp-image-100422 aligncenter\" src=\"http:\/\/diarioregionaljf.com.br\/wp-content\/uploads\/2018\/05\/1-300x200.jpg\" alt=\"\" width=\"300\" height=\"200\" srcset=\"https:\/\/diarioregionaldigital.com.br\/wp-content\/uploads\/2018\/05\/1-300x200.jpg 300w, https:\/\/diarioregionaldigital.com.br\/wp-content\/uploads\/2018\/05\/1-768x512.jpg 768w, https:\/\/diarioregionaldigital.com.br\/wp-content\/uploads\/2018\/05\/1-360x240.jpg 360w, https:\/\/diarioregionaldigital.com.br\/wp-content\/uploads\/2018\/05\/1.jpg 960w\" sizes=\"auto, (max-width: 300px) 100vw, 300px\" \/><\/p>\n<p>A iniciativa do evento foi da Associa\u00e7\u00e3o de Lojistas da Rua S\u00e3o Jo\u00e3o e teve objetivos que foram al\u00e9m do aumento nas vendas para o dia das m\u00e3es, como informa Luiz Otero propriet\u00e1rio da loja Bagaggio e membro da comiss\u00e3o de lojistas. \u201cEstamos buscando uma revitaliza\u00e7\u00e3o da rua, abrindo espa\u00e7o para essa rua de tradi\u00e7\u00e3o cultural, tentando fazer disso aqui um shopping a c\u00e9u aberto, e j\u00e1 estamos programando o pr\u00f3ximo evento que ser\u00e1 a data do S\u00e3o Jo\u00e3o\u201d.<\/p>\n<p><img loading=\"lazy\" decoding=\"async\" class=\"size-medium wp-image-100423 aligncenter\" src=\"http:\/\/diarioregionaljf.com.br\/wp-content\/uploads\/2018\/05\/3-300x200.jpg\" alt=\"\" width=\"300\" height=\"200\" srcset=\"https:\/\/diarioregionaldigital.com.br\/wp-content\/uploads\/2018\/05\/3-300x200.jpg 300w, https:\/\/diarioregionaldigital.com.br\/wp-content\/uploads\/2018\/05\/3-768x512.jpg 768w, https:\/\/diarioregionaldigital.com.br\/wp-content\/uploads\/2018\/05\/3-360x240.jpg 360w, https:\/\/diarioregionaldigital.com.br\/wp-content\/uploads\/2018\/05\/3.jpg 960w\" sizes=\"auto, (max-width: 300px) 100vw, 300px\" \/><\/p>\n<p>Mariana Ghedin, que \u00e9 gerente da \u00f3tica Ponto de Vista e integrante da comiss\u00e3o de lojistas, destacou como se deu essa organiza\u00e7\u00e3o, \u201co grupo \u00e9 grande com 34 associados e temos uma comiss\u00e3o para tomar decis\u00f5es com 5 pessoas. E n\u00f3s ent\u00e3o, a partir de ideias organizamos os eventos na rua, outros de moda e as redes sociais que crescem cada vez mais\u201d. Ela afirma ainda que os eventos realizados na rua, h\u00e1 cerca de um ano, j\u00e1 trazem benef\u00edcios para os lojistas, fregueses e frequentadores, \u201cpelo que a gente tem visto do alcance dessas a\u00e7\u00f5es a rua est\u00e1 sendo vista e fomos muito mais frequentadas, at\u00e9 a troca da ilumina\u00e7\u00e3o n\u00f3s j\u00e1 conseguimos\u201d.<\/p>\n<p><img loading=\"lazy\" decoding=\"async\" class=\"size-medium wp-image-100424 aligncenter\" src=\"http:\/\/diarioregionaljf.com.br\/wp-content\/uploads\/2018\/05\/2-1-300x200.jpg\" alt=\"\" width=\"300\" height=\"200\" srcset=\"https:\/\/diarioregionaldigital.com.br\/wp-content\/uploads\/2018\/05\/2-1-300x200.jpg 300w, https:\/\/diarioregionaldigital.com.br\/wp-content\/uploads\/2018\/05\/2-1-768x512.jpg 768w, https:\/\/diarioregionaldigital.com.br\/wp-content\/uploads\/2018\/05\/2-1-360x240.jpg 360w, https:\/\/diarioregionaldigital.com.br\/wp-content\/uploads\/2018\/05\/2-1.jpg 960w\" sizes=\"auto, (max-width: 300px) 100vw, 300px\" \/><\/p>\n<p>A R\u00e1dio Premium FM e o grupo SIRCOM foram parceiros dessa iniciativa e levou um pouco do que vai acontecer no Premium FM Festival para o palco da Rua s\u00e3o Jo\u00e3o.<\/p>\n<p>&nbsp;<\/p>\n","protected":false},"excerpt":{"rendered":"<p>O evento \u201cRua S\u00e3o Jo\u00e3o \u2013 Do tamanho do cora\u00e7\u00e3o de m\u00e3e\u201d aconteceu no \u00faltimo fim de semana e reuniu muitas atra\u00e7\u00f5es culturais e gastron\u00f4micas. Entre essas atra\u00e7\u00f5es, o esquenta para o Premium FM Festival contou com um palco instalado na rua S\u00e3o Jo\u00e3o que levou muita alegria e m\u00fasica de qualidade para todos que [&hellip;]<\/p>\n","protected":false},"author":96,"featured_media":100422,"comment_status":"closed","ping_status":"closed","sticky":false,"template":"","format":"standard","meta":{"footnotes":""},"categories":[434,443],"tags":[],"class_list":["post-100420","post","type-post","status-publish","format-standard","has-post-thumbnail","hentry","category-blog","category-premium-festival"],"_links":{"self":[{"href":"https:\/\/diarioregionaldigital.com.br\/index.php?rest_route=\/wp\/v2\/posts\/100420","targetHints":{"allow":["GET"]}}],"collection":[{"href":"https:\/\/diarioregionaldigital.com.br\/index.php?rest_route=\/wp\/v2\/posts"}],"about":[{"href":"https:\/\/diarioregionaldigital.com.br\/index.php?rest_route=\/wp\/v2\/types\/post"}],"author":[{"embeddable":true,"href":"https:\/\/diarioregionaldigital.com.br\/index.php?rest_route=\/wp\/v2\/users\/96"}],"replies":[{"embeddable":true,"href":"https:\/\/diarioregionaldigital.com.br\/index.php?rest_route=%2Fwp%2Fv2%2Fcomments&post=100420"}],"version-history":[{"count":0,"href":"https:\/\/diarioregionaldigital.com.br\/index.php?rest_route=\/wp\/v2\/posts\/100420\/revisions"}],"wp:featuredmedia":[{"embeddable":true,"href":"https:\/\/diarioregionaldigital.com.br\/index.php?rest_route=\/wp\/v2\/media\/100422"}],"wp:attachment":[{"href":"https:\/\/diarioregionaldigital.com.br\/index.php?rest_route=%2Fwp%2Fv2%2Fmedia&parent=100420"}],"wp:term":[{"taxonomy":"category","embeddable":true,"href":"https:\/\/diarioregionaldigital.com.br\/index.php?rest_route=%2Fwp%2Fv2%2Fcategories&post=100420"},{"taxonomy":"post_tag","embeddable":true,"href":"https:\/\/diarioregionaldigital.com.br\/index.php?rest_route=%2Fwp%2Fv2%2Ftags&post=100420"}],"curies":[{"name":"wp","href":"https:\/\/api.w.org\/{rel}","templated":true}]}}