{"id":100405,"date":"2018-05-13T20:50:13","date_gmt":"2018-05-13T23:50:13","guid":{"rendered":"http:\/\/diarioregionaljf.com.br\/?p=100405"},"modified":"2018-05-17T13:13:00","modified_gmt":"2018-05-17T16:13:00","slug":"conheca-o-perfil-de-cada-banda-selecionada-para-a-primeira-eliminatoria","status":"publish","type":"post","link":"https:\/\/diarioregionaldigital.com.br\/?p=100405","title":{"rendered":"Conhe\u00e7a o perfil de cada banda selecionada para a primeira eliminat\u00f3ria"},"content":{"rendered":"<p><strong>Uiara Leigo<\/strong><\/p>\n<p>A cantora e compositora <strong>Uiara Leigo<\/strong> \u00e9 uma das concorrentes do Premium FM Festival, com oito anos de carreira profissional ela concorre com a m\u00fasica autoral \u201cBasta\u201d. A cantora j\u00e1 habita o cen\u00e1rio musical da zona da mata e contabiliza mais de 300 shows em bares, casas de shows e teatros.<\/p>\n<p>Ou\u00e7a a m\u00fasica \u201c<a href=\"https:\/\/goo.gl\/LJ9LYh\">Basta<\/a>\u201d<\/p>\n<p><img loading=\"lazy\" decoding=\"async\" class=\"size-medium wp-image-100406 aligncenter\" src=\"http:\/\/diarioregionaljf.com.br\/wp-content\/uploads\/2018\/05\/01-300x300.jpg\" alt=\"\" width=\"300\" height=\"300\" srcset=\"https:\/\/diarioregionaldigital.com.br\/wp-content\/uploads\/2018\/05\/01-300x300.jpg 300w, https:\/\/diarioregionaldigital.com.br\/wp-content\/uploads\/2018\/05\/01-150x150.jpg 150w, https:\/\/diarioregionaldigital.com.br\/wp-content\/uploads\/2018\/05\/01-768x768.jpg 768w, https:\/\/diarioregionaldigital.com.br\/wp-content\/uploads\/2018\/05\/01-180x180.jpg 180w, https:\/\/diarioregionaldigital.com.br\/wp-content\/uploads\/2018\/05\/01-600x600.jpg 600w, https:\/\/diarioregionaldigital.com.br\/wp-content\/uploads\/2018\/05\/01-120x120.jpg 120w, https:\/\/diarioregionaldigital.com.br\/wp-content\/uploads\/2018\/05\/01-360x360.jpg 360w, https:\/\/diarioregionaldigital.com.br\/wp-content\/uploads\/2018\/05\/01-80x80.jpg 80w, https:\/\/diarioregionaldigital.com.br\/wp-content\/uploads\/2018\/05\/01.jpg 800w\" sizes=\"auto, (max-width: 300px) 100vw, 300px\" \/><\/p>\n<p><strong>\u00a0<\/strong><\/p>\n<p><strong>Subefeito<\/strong><\/p>\n<p>A banda <strong>Subefeito<\/strong> atualmente composta por Davi Ferreira (guitarra e voz), Roni Souza (baixo) e Apr\u00edgio Neto (bateria), estar\u00e1 presente no Premium FM Festival. A banda que tem uma trajet\u00f3ria desde 2001 j\u00e1 lan\u00e7ou tr\u00eas \u00e1lbuns e concorre com a m\u00fasica \u201cDizer o que tem que ser dito\u201d.<\/p>\n<p>Ou\u00e7a a m\u00fasica \u201c<a href=\"https:\/\/goo.gl\/uptxnw\">Dizer o que tem que ser dito<\/a>\u201d<\/p>\n<p><img loading=\"lazy\" decoding=\"async\" class=\"size-medium wp-image-100407 aligncenter\" src=\"http:\/\/diarioregionaljf.com.br\/wp-content\/uploads\/2018\/05\/02-300x300.jpg\" alt=\"\" width=\"300\" height=\"300\" srcset=\"https:\/\/diarioregionaldigital.com.br\/wp-content\/uploads\/2018\/05\/02-300x300.jpg 300w, https:\/\/diarioregionaldigital.com.br\/wp-content\/uploads\/2018\/05\/02-150x150.jpg 150w, https:\/\/diarioregionaldigital.com.br\/wp-content\/uploads\/2018\/05\/02-768x768.jpg 768w, https:\/\/diarioregionaldigital.com.br\/wp-content\/uploads\/2018\/05\/02-180x180.jpg 180w, https:\/\/diarioregionaldigital.com.br\/wp-content\/uploads\/2018\/05\/02-600x600.jpg 600w, https:\/\/diarioregionaldigital.com.br\/wp-content\/uploads\/2018\/05\/02-120x120.jpg 120w, https:\/\/diarioregionaldigital.com.br\/wp-content\/uploads\/2018\/05\/02-360x360.jpg 360w, https:\/\/diarioregionaldigital.com.br\/wp-content\/uploads\/2018\/05\/02-80x80.jpg 80w, https:\/\/diarioregionaldigital.com.br\/wp-content\/uploads\/2018\/05\/02.jpg 800w\" sizes=\"auto, (max-width: 300px) 100vw, 300px\" \/><\/p>\n<p>&nbsp;<\/p>\n<p><strong>Raiz do L\u00f3tus<\/strong><\/p>\n<p>Formada por F\u00e1bio Lazzarini (vocal), Fabiano Lazzarini (guitarra), Leo Schroeder (guitarra), Marcelo Queiroz (baixo) e Anderson Guilherme (bateria) a banda\u00a0<a class=\"m_-4158775313803056100gmail-profileLink\" href=\"https:\/\/www.facebook.com\/bandaraizdolotus\/?fref=mentions\" target=\"_blank\" rel=\"noopener\" data-saferedirecturl=\"https:\/\/www.google.com\/url?hl=pt-BR&amp;q=https:\/\/www.facebook.com\/bandaraizdolotus\/?fref%3Dmentions&amp;source=gmail&amp;ust=1526491851313000&amp;usg=AFQjCNGMl4H77D1FJsEio2vh7iEDavXp7w\"><strong>Raiz do L\u00f3tus<\/strong><\/a>\u00a0j\u00e1 est\u00e1 h\u00e1 quatro anos na estrada. Na primeira eliminat\u00f3ria do Premium FM Festival a concorrem com a m\u00fasica \u201cJuro que eh!\u201d.<\/p>\n<p>Ou\u00e7a a m\u00fasica \u201c<a href=\"https:\/\/goo.gl\/pqgo8J\">Juro que eh<\/a>!\u201d<\/p>\n<p><img loading=\"lazy\" decoding=\"async\" class=\"size-medium wp-image-100408 aligncenter\" src=\"http:\/\/diarioregionaljf.com.br\/wp-content\/uploads\/2018\/05\/03-1-300x300.jpg\" alt=\"\" width=\"300\" height=\"300\" srcset=\"https:\/\/diarioregionaldigital.com.br\/wp-content\/uploads\/2018\/05\/03-1-300x300.jpg 300w, https:\/\/diarioregionaldigital.com.br\/wp-content\/uploads\/2018\/05\/03-1-150x150.jpg 150w, https:\/\/diarioregionaldigital.com.br\/wp-content\/uploads\/2018\/05\/03-1-768x768.jpg 768w, https:\/\/diarioregionaldigital.com.br\/wp-content\/uploads\/2018\/05\/03-1-180x180.jpg 180w, https:\/\/diarioregionaldigital.com.br\/wp-content\/uploads\/2018\/05\/03-1-600x600.jpg 600w, https:\/\/diarioregionaldigital.com.br\/wp-content\/uploads\/2018\/05\/03-1-120x120.jpg 120w, https:\/\/diarioregionaldigital.com.br\/wp-content\/uploads\/2018\/05\/03-1-360x360.jpg 360w, https:\/\/diarioregionaldigital.com.br\/wp-content\/uploads\/2018\/05\/03-1-80x80.jpg 80w, https:\/\/diarioregionaldigital.com.br\/wp-content\/uploads\/2018\/05\/03-1.jpg 800w\" sizes=\"auto, (max-width: 300px) 100vw, 300px\" \/><\/p>\n<p>&nbsp;<\/p>\n<p><strong>Banda Contratempo<\/strong><\/p>\n<p>Com influ\u00eancias do rock dos nos 80 a banda <strong>Contratempo<\/strong> traz para o Premium FM Festival a m\u00fasica \u201cNovas Dire\u00e7\u00f5es\u201d. Fundada h\u00e1 tr\u00eas anos a banda tem como principal caracter\u00edstica o uso das vozes e backing vocal trabalhados em conjunto, por essa raz\u00e3o todos os integrantes cantam.<\/p>\n<p>Ou\u00e7a a m\u00fasica <a href=\"https:\/\/goo.gl\/iq31Hf\">\u201cNovas Dire\u00e7\u00f5es\u201d<\/a><\/p>\n<p><img loading=\"lazy\" decoding=\"async\" class=\"size-medium wp-image-100409 aligncenter\" src=\"http:\/\/diarioregionaljf.com.br\/wp-content\/uploads\/2018\/05\/04-1-300x300.jpg\" alt=\"\" width=\"300\" height=\"300\" srcset=\"https:\/\/diarioregionaldigital.com.br\/wp-content\/uploads\/2018\/05\/04-1-300x300.jpg 300w, https:\/\/diarioregionaldigital.com.br\/wp-content\/uploads\/2018\/05\/04-1-150x150.jpg 150w, https:\/\/diarioregionaldigital.com.br\/wp-content\/uploads\/2018\/05\/04-1-768x768.jpg 768w, https:\/\/diarioregionaldigital.com.br\/wp-content\/uploads\/2018\/05\/04-1-180x180.jpg 180w, https:\/\/diarioregionaldigital.com.br\/wp-content\/uploads\/2018\/05\/04-1-600x600.jpg 600w, https:\/\/diarioregionaldigital.com.br\/wp-content\/uploads\/2018\/05\/04-1-120x120.jpg 120w, https:\/\/diarioregionaldigital.com.br\/wp-content\/uploads\/2018\/05\/04-1-360x360.jpg 360w, https:\/\/diarioregionaldigital.com.br\/wp-content\/uploads\/2018\/05\/04-1-80x80.jpg 80w, https:\/\/diarioregionaldigital.com.br\/wp-content\/uploads\/2018\/05\/04-1.jpg 800w\" sizes=\"auto, (max-width: 300px) 100vw, 300px\" \/><\/p>\n<p><strong>Legrand<\/strong><\/p>\n<p>A banda <strong>Legrand<\/strong> concorre com a m\u00fasica \u201cVivo\u201d na primeira eliminat\u00f3ria do Premium FM Festival. Com estilo indie\/rock a Legrand investe em letras que retratam vivencias reais do cotidiano, e arranjos instrumentais marcantes.<\/p>\n<p>Ou\u00e7a a m\u00fasica \u201c<a href=\"https:\/\/goo.gl\/vxX9Ah\">Vivo<\/a>\u201d<\/p>\n<p><img loading=\"lazy\" decoding=\"async\" class=\"size-medium wp-image-100410 aligncenter\" src=\"http:\/\/diarioregionaljf.com.br\/wp-content\/uploads\/2018\/05\/05-1-300x300.jpg\" alt=\"\" width=\"300\" height=\"300\" srcset=\"https:\/\/diarioregionaldigital.com.br\/wp-content\/uploads\/2018\/05\/05-1-300x300.jpg 300w, https:\/\/diarioregionaldigital.com.br\/wp-content\/uploads\/2018\/05\/05-1-150x150.jpg 150w, https:\/\/diarioregionaldigital.com.br\/wp-content\/uploads\/2018\/05\/05-1-768x768.jpg 768w, https:\/\/diarioregionaldigital.com.br\/wp-content\/uploads\/2018\/05\/05-1-180x180.jpg 180w, https:\/\/diarioregionaldigital.com.br\/wp-content\/uploads\/2018\/05\/05-1-600x600.jpg 600w, https:\/\/diarioregionaldigital.com.br\/wp-content\/uploads\/2018\/05\/05-1-120x120.jpg 120w, https:\/\/diarioregionaldigital.com.br\/wp-content\/uploads\/2018\/05\/05-1-360x360.jpg 360w, https:\/\/diarioregionaldigital.com.br\/wp-content\/uploads\/2018\/05\/05-1-80x80.jpg 80w, https:\/\/diarioregionaldigital.com.br\/wp-content\/uploads\/2018\/05\/05-1.jpg 800w\" sizes=\"auto, (max-width: 300px) 100vw, 300px\" \/><\/p>\n<p>&nbsp;<\/p>\n<p><strong>Condenados Livres<\/strong><\/p>\n<p>Com influ\u00eancias do rock nacional e internacional e com um \u00e1lbum j\u00e1 lan\u00e7ado a banda, Condenados Livres, \u00e9 formada por <strong>Ueslei Bonin<\/strong> (guitarra, viol\u00e3o, gaita e voz),<strong>\u00a0<\/strong><strong>Eder Bonin<\/strong> (contrabaixo e voz) e\u00a0<strong>Ricardo Bartoli<\/strong> (bateria). No Premium FM Festival eles concorrem com a m\u00fasica \u201cCentelhas\u201d.<\/p>\n<p>Ou\u00e7a a m\u00fasica \u201c<a href=\"https:\/\/goo.gl\/48wgEF\">Centelhas<\/a>\u201d<\/p>\n<p><img loading=\"lazy\" decoding=\"async\" class=\"size-medium wp-image-100411 aligncenter\" src=\"http:\/\/diarioregionaljf.com.br\/wp-content\/uploads\/2018\/05\/06-1-300x300.jpg\" alt=\"\" width=\"300\" height=\"300\" srcset=\"https:\/\/diarioregionaldigital.com.br\/wp-content\/uploads\/2018\/05\/06-1-300x300.jpg 300w, https:\/\/diarioregionaldigital.com.br\/wp-content\/uploads\/2018\/05\/06-1-150x150.jpg 150w, https:\/\/diarioregionaldigital.com.br\/wp-content\/uploads\/2018\/05\/06-1-768x768.jpg 768w, https:\/\/diarioregionaldigital.com.br\/wp-content\/uploads\/2018\/05\/06-1-180x180.jpg 180w, https:\/\/diarioregionaldigital.com.br\/wp-content\/uploads\/2018\/05\/06-1-600x600.jpg 600w, https:\/\/diarioregionaldigital.com.br\/wp-content\/uploads\/2018\/05\/06-1-120x120.jpg 120w, https:\/\/diarioregionaldigital.com.br\/wp-content\/uploads\/2018\/05\/06-1-360x360.jpg 360w, https:\/\/diarioregionaldigital.com.br\/wp-content\/uploads\/2018\/05\/06-1-80x80.jpg 80w, https:\/\/diarioregionaldigital.com.br\/wp-content\/uploads\/2018\/05\/06-1.jpg 800w\" sizes=\"auto, (max-width: 300px) 100vw, 300px\" \/><\/p>\n<p>&nbsp;<\/p>\n<p><strong>Cl\u00e1udio Kaz<\/strong><\/p>\n<p>Com carreira profissional desde 2001, <strong>Cl\u00e1udio Kaz<\/strong>, tocou em bares, participou de duas bandas, al\u00e9m de, projetos e festivais importantes da regi\u00e3o. Durante sua trajet\u00f3ria gravou tr\u00eas discos, sendo que o \u00faltimo j\u00e1 foi em sua carreira solo. Para o Premium FM Festival ele concorre com a m\u00fasica \u201cS\u00f3 com voc\u00ea\u201d.<\/p>\n<p>Ou\u00e7a a m\u00fasica \u201c<a href=\"https:\/\/goo.gl\/vjrr9d\">S\u00f3 com voc\u00ea<\/a>\u201d<\/p>\n<p><img loading=\"lazy\" decoding=\"async\" class=\"size-medium wp-image-100412 aligncenter\" src=\"http:\/\/diarioregionaljf.com.br\/wp-content\/uploads\/2018\/05\/07-1-300x300.jpg\" alt=\"\" width=\"300\" height=\"300\" srcset=\"https:\/\/diarioregionaldigital.com.br\/wp-content\/uploads\/2018\/05\/07-1-300x300.jpg 300w, https:\/\/diarioregionaldigital.com.br\/wp-content\/uploads\/2018\/05\/07-1-150x150.jpg 150w, https:\/\/diarioregionaldigital.com.br\/wp-content\/uploads\/2018\/05\/07-1-768x768.jpg 768w, https:\/\/diarioregionaldigital.com.br\/wp-content\/uploads\/2018\/05\/07-1-180x180.jpg 180w, https:\/\/diarioregionaldigital.com.br\/wp-content\/uploads\/2018\/05\/07-1-600x600.jpg 600w, https:\/\/diarioregionaldigital.com.br\/wp-content\/uploads\/2018\/05\/07-1-120x120.jpg 120w, https:\/\/diarioregionaldigital.com.br\/wp-content\/uploads\/2018\/05\/07-1-360x360.jpg 360w, https:\/\/diarioregionaldigital.com.br\/wp-content\/uploads\/2018\/05\/07-1-80x80.jpg 80w, https:\/\/diarioregionaldigital.com.br\/wp-content\/uploads\/2018\/05\/07-1.jpg 800w\" sizes=\"auto, (max-width: 300px) 100vw, 300px\" \/><\/p>\n<p>&nbsp;<\/p>\n<p><strong>Blend 87<\/strong><\/p>\n<p>Juntos desde 2012 A\u00a0<strong>Blend 87<\/strong>\u00a0\u00e9 formada por Bruna Marli\u00e8re (vocal), Nathan Itaborahy (bateria), Douglas Poerner (baixo), Renato da Lapa (viol\u00e3o e guitarra) e Vinicius Steinbach (teclado). Com um estilo que vai da MPB ao Rock a banda j\u00e1 possui um \u00e1lbum e no Premium FM Festival concorrem com a m\u00fasica \u201cMal se tem um tempo pra can\u00e7\u00e3o\u201d.<\/p>\n<p>Ou\u00e7a a m\u00fasica \u201c<a href=\"https:\/\/goo.gl\/gV2m5x\">Mal se tem um tempo pra can\u00e7\u00e3o<\/a>\u201d<\/p>\n<p><img loading=\"lazy\" decoding=\"async\" class=\"size-medium wp-image-100413 aligncenter\" src=\"http:\/\/diarioregionaljf.com.br\/wp-content\/uploads\/2018\/05\/08-300x300.jpg\" alt=\"\" width=\"300\" height=\"300\" srcset=\"https:\/\/diarioregionaldigital.com.br\/wp-content\/uploads\/2018\/05\/08-300x300.jpg 300w, https:\/\/diarioregionaldigital.com.br\/wp-content\/uploads\/2018\/05\/08-150x150.jpg 150w, https:\/\/diarioregionaldigital.com.br\/wp-content\/uploads\/2018\/05\/08-768x768.jpg 768w, https:\/\/diarioregionaldigital.com.br\/wp-content\/uploads\/2018\/05\/08-180x180.jpg 180w, https:\/\/diarioregionaldigital.com.br\/wp-content\/uploads\/2018\/05\/08-600x600.jpg 600w, https:\/\/diarioregionaldigital.com.br\/wp-content\/uploads\/2018\/05\/08-120x120.jpg 120w, https:\/\/diarioregionaldigital.com.br\/wp-content\/uploads\/2018\/05\/08-360x360.jpg 360w, https:\/\/diarioregionaldigital.com.br\/wp-content\/uploads\/2018\/05\/08-80x80.jpg 80w, https:\/\/diarioregionaldigital.com.br\/wp-content\/uploads\/2018\/05\/08.jpg 800w\" sizes=\"auto, (max-width: 300px) 100vw, 300px\" \/><\/p>\n<p>&nbsp;<\/p>\n<p><strong>Alexandre Brilhante<\/strong><\/p>\n<p>O cantor e compositor<strong>\u00a0<\/strong><a class=\"profileLink\" href=\"https:\/\/www.facebook.com\/AlexandreLuizBrilhante?fref=mentions\" data-hovercard=\"\/ajax\/hovercard\/user.php?id=100000012339036&amp;extragetparams=%7B%22fref%22%3A%22mentions%22%7D\" data-hovercard-prefer-more-content-show=\"1\"><strong>Alexandre Brilhante<\/strong><\/a>\u00a0toca viol\u00e3o e interpreta desde os 17 anos, e ap\u00f3s se aprofundar na teoria musical passou a compor suas m\u00fasicas. A can\u00e7\u00e3o \u201cTeus L\u00e1bios Curou\u201d foi a sua can\u00e7\u00e3o escolhida para o Premium FM Festival.<\/p>\n<p>Ou\u00e7a a m\u00fasica <a href=\"https:\/\/goo.gl\/W9X29y\">\u201cTeus L\u00e1bios Curou\u201d<\/a><\/p>\n<p>&nbsp;<\/p>\n<p><img loading=\"lazy\" decoding=\"async\" class=\"aligncenter size-medium wp-image-104483\" src=\"http:\/\/diarioregionaljf.com.br\/wp-content\/uploads\/2018\/05\/0a6fef56-6360-497e-b427-acf0e5b54c3c-300x300.jpg\" alt=\"\" width=\"300\" height=\"300\" srcset=\"https:\/\/diarioregionaldigital.com.br\/wp-content\/uploads\/2018\/05\/0a6fef56-6360-497e-b427-acf0e5b54c3c-300x300.jpg 300w, https:\/\/diarioregionaldigital.com.br\/wp-content\/uploads\/2018\/05\/0a6fef56-6360-497e-b427-acf0e5b54c3c-150x150.jpg 150w, https:\/\/diarioregionaldigital.com.br\/wp-content\/uploads\/2018\/05\/0a6fef56-6360-497e-b427-acf0e5b54c3c-768x768.jpg 768w, https:\/\/diarioregionaldigital.com.br\/wp-content\/uploads\/2018\/05\/0a6fef56-6360-497e-b427-acf0e5b54c3c-180x180.jpg 180w, https:\/\/diarioregionaldigital.com.br\/wp-content\/uploads\/2018\/05\/0a6fef56-6360-497e-b427-acf0e5b54c3c-600x600.jpg 600w, https:\/\/diarioregionaldigital.com.br\/wp-content\/uploads\/2018\/05\/0a6fef56-6360-497e-b427-acf0e5b54c3c-120x120.jpg 120w, https:\/\/diarioregionaldigital.com.br\/wp-content\/uploads\/2018\/05\/0a6fef56-6360-497e-b427-acf0e5b54c3c-360x360.jpg 360w, https:\/\/diarioregionaldigital.com.br\/wp-content\/uploads\/2018\/05\/0a6fef56-6360-497e-b427-acf0e5b54c3c-80x80.jpg 80w, https:\/\/diarioregionaldigital.com.br\/wp-content\/uploads\/2018\/05\/0a6fef56-6360-497e-b427-acf0e5b54c3c.jpg 800w\" sizes=\"auto, (max-width: 300px) 100vw, 300px\" \/><\/p>\n","protected":false},"excerpt":{"rendered":"<p>Uiara Leigo A cantora e compositora Uiara Leigo \u00e9 uma das concorrentes do Premium FM Festival, com oito anos de carreira profissional ela concorre com a m\u00fasica autoral \u201cBasta\u201d. A cantora j\u00e1 habita o cen\u00e1rio musical da zona da mata e contabiliza mais de 300 shows em bares, casas de shows e teatros. Ou\u00e7a a [&hellip;]<\/p>\n","protected":false},"author":96,"featured_media":100419,"comment_status":"closed","ping_status":"closed","sticky":false,"template":"","format":"standard","meta":{"footnotes":""},"categories":[434,443,439],"tags":[],"class_list":["post-100405","post","type-post","status-publish","format-standard","has-post-thumbnail","hentry","category-blog","category-premium-festival","category-ultima-hora"],"_links":{"self":[{"href":"https:\/\/diarioregionaldigital.com.br\/index.php?rest_route=\/wp\/v2\/posts\/100405","targetHints":{"allow":["GET"]}}],"collection":[{"href":"https:\/\/diarioregionaldigital.com.br\/index.php?rest_route=\/wp\/v2\/posts"}],"about":[{"href":"https:\/\/diarioregionaldigital.com.br\/index.php?rest_route=\/wp\/v2\/types\/post"}],"author":[{"embeddable":true,"href":"https:\/\/diarioregionaldigital.com.br\/index.php?rest_route=\/wp\/v2\/users\/96"}],"replies":[{"embeddable":true,"href":"https:\/\/diarioregionaldigital.com.br\/index.php?rest_route=%2Fwp%2Fv2%2Fcomments&post=100405"}],"version-history":[{"count":0,"href":"https:\/\/diarioregionaldigital.com.br\/index.php?rest_route=\/wp\/v2\/posts\/100405\/revisions"}],"wp:featuredmedia":[{"embeddable":true,"href":"https:\/\/diarioregionaldigital.com.br\/index.php?rest_route=\/wp\/v2\/media\/100419"}],"wp:attachment":[{"href":"https:\/\/diarioregionaldigital.com.br\/index.php?rest_route=%2Fwp%2Fv2%2Fmedia&parent=100405"}],"wp:term":[{"taxonomy":"category","embeddable":true,"href":"https:\/\/diarioregionaldigital.com.br\/index.php?rest_route=%2Fwp%2Fv2%2Fcategories&post=100405"},{"taxonomy":"post_tag","embeddable":true,"href":"https:\/\/diarioregionaldigital.com.br\/index.php?rest_route=%2Fwp%2Fv2%2Ftags&post=100405"}],"curies":[{"name":"wp","href":"https:\/\/api.w.org\/{rel}","templated":true}]}}