{"id":100400,"date":"2018-05-13T20:28:42","date_gmt":"2018-05-13T23:28:42","guid":{"rendered":"http:\/\/diarioregionaljf.com.br\/?p=100400"},"modified":"2018-07-05T19:42:12","modified_gmt":"2018-07-05T22:42:12","slug":"exercicio-como-remedio","status":"publish","type":"post","link":"https:\/\/diarioregionaldigital.com.br\/?p=100400","title":{"rendered":"Exerc\u00edcio como rem\u00e9dio"},"content":{"rendered":"<p>A verdade \u00e9 que com um \u00fanico \u201ccomprimido\u201d que \u00e9 o exerc\u00edcio, voc\u00ea previne todas as doen\u00e7as e pode trat\u00e1-las como resultados positivos. Mesmo que seja percebido pelo senso comum que a pratica de atividade f\u00edsica ajuda a tratar e prevenir doen\u00e7as, algo ainda n\u00e3o esta funcionando.<\/p>\n<p>&nbsp;<\/p>\n<p>S\u00f3 no Brasil segundo o Minist\u00e9rio do esporte, 45,9% da popula\u00e7\u00e3o n\u00e3o se exercitam. Numa luta di\u00e1ria conta o sedentarismo, pa\u00edses como Estados unidos e pa\u00edses da Europa tem iniciativa de sa\u00fade global com foco em encorajar m\u00e9dicos e outros prestadores de sa\u00fade a incluir atividade f\u00edsica na concep\u00e7\u00e3o de tratamentos a pacientes, seja eles j\u00e1 com alguma enfermidade ou sedent\u00e1rios.<\/p>\n<p>&nbsp;<\/p>\n<p>Nos Estados Unidos foi publicado um artigo cientifico que mostrava que h\u00e1 mais mortes por sedentarismo do que por tabagismo. Para mudar a historia de alguma forma e necess\u00e1rio que haja uma uni\u00e3o entre grupos e uma integra\u00e7\u00e3o dos profissionais diretamente ligados a \u00e1rea, como m\u00e9dicos e educadores f\u00edsicos.<\/p>\n<p>&nbsp;<\/p>\n<p>Os governos tinham que estar empenhados em fazer campanhas de conscientiza\u00e7\u00e3o e mobilizar a sociedade rumo a pratica de exerc\u00edcios e n\u00e3o retirar a educa\u00e7\u00e3o f\u00edsica do curriculum escolar como foi proposto h\u00e1 pouco. \u00c9 preciso tratar o exerc\u00edcio como educa\u00e7\u00e3o.<\/p>\n<p>&nbsp;<\/p>\n<p>Nesse contexto se faz necess\u00e1rio a uni\u00e3o para mostrar que fazer exerc\u00edcio \u00e9 um investimento barato, uma vez que trata e previne a maioria das doen\u00e7as.<\/p>\n<div id=\"attachment_100402\" style=\"width: 310px\" class=\"wp-caption aligncenter\"><img loading=\"lazy\" decoding=\"async\" aria-describedby=\"caption-attachment-100402\" class=\"size-medium wp-image-100402\" src=\"http:\/\/diarioregionaljf.com.br\/wp-content\/uploads\/2018\/05\/image2-300x277-300x277.jpeg\" alt=\"\" width=\"300\" height=\"277\" \/><p id=\"caption-attachment-100402\" class=\"wp-caption-text\"><em>Diego Paiva s\u00f3cio propriet\u00e1rio da rede Activa Fitness Center \u2013 Presidente da ACADJF.<\/em><\/p><\/div>\n","protected":false},"excerpt":{"rendered":"<p>A verdade \u00e9 que com um \u00fanico \u201ccomprimido\u201d que \u00e9 o exerc\u00edcio, voc\u00ea previne todas as doen\u00e7as e pode trat\u00e1-las como resultados positivos. Mesmo que seja percebido pelo senso comum que a pratica de atividade f\u00edsica ajuda a tratar e prevenir doen\u00e7as, algo ainda n\u00e3o esta funcionando. &nbsp; S\u00f3 no Brasil segundo o Minist\u00e9rio do [&hellip;]<\/p>\n","protected":false},"author":96,"featured_media":100401,"comment_status":"closed","ping_status":"closed","sticky":false,"template":"","format":"standard","meta":{"footnotes":""},"categories":[434,441,439],"tags":[],"class_list":["post-100400","post","type-post","status-publish","format-standard","has-post-thumbnail","hentry","category-blog","category-saude-e-fitness","category-ultima-hora"],"_links":{"self":[{"href":"https:\/\/diarioregionaldigital.com.br\/index.php?rest_route=\/wp\/v2\/posts\/100400","targetHints":{"allow":["GET"]}}],"collection":[{"href":"https:\/\/diarioregionaldigital.com.br\/index.php?rest_route=\/wp\/v2\/posts"}],"about":[{"href":"https:\/\/diarioregionaldigital.com.br\/index.php?rest_route=\/wp\/v2\/types\/post"}],"author":[{"embeddable":true,"href":"https:\/\/diarioregionaldigital.com.br\/index.php?rest_route=\/wp\/v2\/users\/96"}],"replies":[{"embeddable":true,"href":"https:\/\/diarioregionaldigital.com.br\/index.php?rest_route=%2Fwp%2Fv2%2Fcomments&post=100400"}],"version-history":[{"count":0,"href":"https:\/\/diarioregionaldigital.com.br\/index.php?rest_route=\/wp\/v2\/posts\/100400\/revisions"}],"wp:featuredmedia":[{"embeddable":true,"href":"https:\/\/diarioregionaldigital.com.br\/index.php?rest_route=\/wp\/v2\/media\/100401"}],"wp:attachment":[{"href":"https:\/\/diarioregionaldigital.com.br\/index.php?rest_route=%2Fwp%2Fv2%2Fmedia&parent=100400"}],"wp:term":[{"taxonomy":"category","embeddable":true,"href":"https:\/\/diarioregionaldigital.com.br\/index.php?rest_route=%2Fwp%2Fv2%2Fcategories&post=100400"},{"taxonomy":"post_tag","embeddable":true,"href":"https:\/\/diarioregionaldigital.com.br\/index.php?rest_route=%2Fwp%2Fv2%2Ftags&post=100400"}],"curies":[{"name":"wp","href":"https:\/\/api.w.org\/{rel}","templated":true}]}}