{"id":100366,"date":"2018-05-12T15:46:24","date_gmt":"2018-05-12T18:46:24","guid":{"rendered":"http:\/\/diarioregionaljf.com.br\/?p=100366"},"modified":"2018-05-12T15:46:24","modified_gmt":"2018-05-12T18:46:24","slug":"presidente-do-parlamento-suico-celebra-no-brasil-200-anos-de-imigracao","status":"publish","type":"post","link":"https:\/\/diarioregionaldigital.com.br\/?p=100366","title":{"rendered":"Presidente do Parlamento su\u00ed\u00e7o celebra no Brasil 200 anos de imigra\u00e7\u00e3o"},"content":{"rendered":"<p>O presidente do Parlamento Su\u00ed\u00e7o, Dominique de Buman, chega neste\u00a0<span id=\"OBJ_PREFIX_DWT1860_com_zimbra_date\"><span id=\"OBJ_PREFIX_DWT1869_com_zimbra_date\"><span id=\"OBJ_PREFIX_DWT578_com_zimbra_date\" role=\"link\"><span id=\"OBJ_PREFIX_DWT588_com_zimbra_date\" role=\"link\">domingo, 13,<\/span><\/span><\/span><\/span>\u00a0ao Brasil\u00a0para uma visita de quatro\u00a0dias. Ele permanecer\u00e1 em Nova Friburgo (RJ), cidade que comemorar\u00e1 200 anos da imigra\u00e7\u00e3o su\u00ed\u00e7a no Brasil e ficou conhecida como &#8220;Su\u00ed\u00e7a brasileira&#8221;.<\/p>\n<p>Dominique de Buman, que ocupa o maior cargo p\u00fablico do pa\u00eds,\u00a0visitar\u00e1 tamb\u00e9m Cantagalo e Duas Barras, munic\u00edpios que fazem parte da col\u00f4nia de imigrantes su\u00ed\u00e7os. Ele permanecer\u00e1 na regi\u00e3o at\u00e9 o dia 17. O presidente estar\u00e1 acompanhado de 15 parlamentares e 160 cidad\u00e3os su\u00ed\u00e7os, al\u00e9m do embaixador da Su\u00ed\u00e7a no Brasil, Andrea Semadeni, e do c\u00f4nsul-geral su\u00ed\u00e7o no Rio\u00a0de Janeiro, Rudolf Wyss.<\/p>\n<p>Depois dos portugueses, os su\u00ed\u00e7os deixaram a Europa\u00a0no momento em que havia uma grande crise econ\u00f4mica, desemprego e fome em todo o continente. Os primeiros imigrantes su\u00ed\u00e7os chegaram entre 1819 e 1820, provenientes\u00a0do cant\u00e3o de Friburgo, beneficiados por decreto humanit\u00e1rio de\u00a0<span id=\"OBJ_PREFIX_DWT1862_com_zimbra_date\"><span id=\"OBJ_PREFIX_DWT1871_com_zimbra_date\"><span id=\"OBJ_PREFIX_DWT580_com_zimbra_date\" role=\"link\"><span id=\"OBJ_PREFIX_DWT590_com_zimbra_date\" role=\"link\">Dom<\/span><\/span><\/span><\/span>\u00a0Jo\u00e3o VI. O decreto\u00a0previa a vinda ao pa\u00eds de 100 fam\u00edlias, \u201cmas, na pr\u00e1tica, vieram 430 fam\u00edlias\u201d, disse \u00e0\u00a0<strong>Ag\u00eancia Brasil<\/strong>\u00a0o presidente da Col\u00f4nia Su\u00ed\u00e7a em Nova Friburgo, Geraldo Thurler.<\/p>\n<p>A viagem n\u00e3o foi f\u00e1cil. O navio mais r\u00e1pido chegou nas terras brasileiras depois de 55 dias. Um quarto dos colonos morreu durante a travessia. \u201cDe 2.006 pessoas, chegaram 1.600\u201d, conta\u00a0Thurler. A primeira comitiva chegou a Nova Friburgo no dia\u00a016 de novembro\u00a0de 1819. Assim que chegaram, os su\u00ed\u00e7os batizaram a regi\u00e3o em que passaram a habitar de Nova Friburgo,\u00a0<span id=\"OBJ_PREFIX_DWT1863_com_zimbra_date\"><span id=\"OBJ_PREFIX_DWT1872_com_zimbra_date\"><span id=\"OBJ_PREFIX_DWT581_com_zimbra_date\" role=\"link\"><span id=\"OBJ_PREFIX_DWT591_com_zimbra_date\" role=\"link\">hoje<\/span><\/span><\/span><\/span>\u00a0uma cidade com\u00a0186 mil habitantes, situada a 140 quil\u00f4metros do Rio<span id=\"OBJ_PREFIX_DWT1864_com_zimbra_date\">\u00a0de Janeiro<\/span>. A cidade\u00a0foi fundada por su\u00ed\u00e7os de 11 cant\u00f5es. Existem 26 cant\u00f5es na Su\u00ed\u00e7a, que s\u00e3o \u00e1reas independentes e integrantes do Estado Federal Su\u00ed\u00e7o.<\/p>\n<p>Instalados aqui, os colonos su\u00ed\u00e7os passaram a comprar\u00a0propriedades dos antigos bar\u00f5es do caf\u00e9. No entanto, a planta\u00e7\u00e3o de caf\u00e9 j\u00e1 n\u00e3o era\u00a0um neg\u00f3cio t\u00e3o rent\u00e1vel e seguro e passaram a apostar na pecu\u00e1ria.<\/p>\n<p>Deve-se aos su\u00ed\u00e7os, segundo Thurler, a importa\u00e7\u00e3o das primeiras matrizes de gado nelore para o pa\u00eds. \u201cFoi a origem de praticamente 80% do gado de corte do pa\u00eds\u201d.<\/p>\n<p>A coloniza\u00e7\u00e3o acabou se expandindo\u00a0para munic\u00edpios vizinhos, como Cantagalo, Duas Barras e\u00a0Santa Maria Madalena. Geraldo Thurler destacou que nessa caravana de imigrantes vieram profissionais, como\u00a0carpinteiros, queijeiros, ferreiros, que contribu\u00edram para o desenvolvimento local. \u201cTrouxeram a\u00a0&#8216;expertise&#8217; da m\u00e3o de obra su\u00ed\u00e7a para c\u00e1. A partir da\u00ed, houve uma adapta\u00e7\u00e3o deles \u00e0 realidade local\u201d.<\/p>\n<p>&nbsp;<\/p>\n<h2>Festividades<\/h2>\n<p>Junto com representantes dos cant\u00f5es de Friburgo e Jura, a prefeitura de Nova Friburgo vai inaugurar monumento alusivo aos 200 anos, al\u00e9m da reforma do teatro da queijaria-escola. A programa\u00e7\u00e3o inclui\u00a0<em>shows<\/em>, exposi\u00e7\u00f5es, exibi\u00e7\u00e3o de filmes e um desfile c\u00edvico, no dia\u00a016 de maio, dia do anivers\u00e1rio da cidade, na Avenida Alberto Braune. Cento e cinquenta e duas delega\u00e7\u00f5es participar\u00e3o do desfile, totalizando em torno de 10 mil pessoas.<\/p>\n<p>\u201c\u00c9 uma forma l\u00fadica de contar como se deu a chegada dos su\u00ed\u00e7os e das col\u00f4nias porque n\u00f3s somos, na verdade, al\u00e9m da Su\u00ed\u00e7a, mais nove col\u00f4nias de imigrantes\u201d, disse\u00a0o prefeito, Renato Bravo. Participam dos eventos\u00a0tamb\u00e9m descendentes\u00a0das col\u00f4nias libanesa, japonesa, espanhola e\u00a0h\u00fangara.<\/p>\n<p>Os eventos comemorativos come\u00e7am neste s\u00e1bado (12) e se estender\u00e3o at\u00e9 o dia\u00a031 de dezembro.<\/p>\n<h2>Parceria<\/h2>\n<p>O Brasil \u00e9\u00a0o\u00a0maior parceiro comercial da Su\u00ed\u00e7a na Am\u00e9rica Latina, com um volume de neg\u00f3cios entre as\u00a0duas economias equivalente a R$ 12 bilh\u00f5es.<\/p>\n<p>Produtos da ind\u00fastria farmac\u00eautica e da ind\u00fastria qu\u00edmica est\u00e3o no topo das exporta\u00e7\u00f5es su\u00ed\u00e7as para o Brasil, enquanto metais, pedras preciosas e agr\u00edcolas s\u00e3o os produtos\u00a0brasileiros mais importados pela Su\u00ed\u00e7a. Cerca de 370 empresas su\u00ed\u00e7as atuam no Brasil e geram mais de 60 mil empregos diretos.<\/p>\n<p>At\u00e9 a d\u00e9cada de 1920, o Brasil foi o destino preferido de muitos su\u00ed\u00e7os, que se espalharam tamb\u00e9m por fazendas de caf\u00e9 do Oeste Paulista, Santa Catarina, Paran\u00e1, Rio Grande do Sul, Rio\u00a0de Janeiro, Esp\u00edrito Santo e Bahia.\u00a0Hoje, o Brasil abriga a maior comunidade su\u00ed\u00e7a da Am\u00e9rica Latina, com cerca de 15 mil su\u00ed\u00e7os. A presen\u00e7a de brasileiros na Su\u00ed\u00e7a \u00e9 maior, com cerca de 20 mil pessoas.<\/p>\n<p>&nbsp;<\/p>\n<h2>Acordos<\/h2>\n<p>Recentemente, importantes acordos t\u00eam dado dinamismo \u00e0s rela\u00e7\u00f5es bilaterais, como o que p\u00f5e fim \u00e0 dupla tributa\u00e7\u00e3o de empresas su\u00ed\u00e7as que atuam no Brasil e vice-versa. Tamb\u00e9m est\u00e3o em andamento negocia\u00e7\u00f5es para um acordo de livre com\u00e9rcio entre a Associa\u00e7\u00e3o Europeia de Livre Com\u00e9rcio (EFTA) e o Mercosul, blocos econ\u00f4micos dos quais fazem parte os dois pa\u00edses. Nas \u00e1reas de pesquisa e inova\u00e7\u00e3o, um novo plano de a\u00e7\u00f5es foi firmado para garantir interc\u00e2mbio de pesquisadores e apoio a institui\u00e7\u00f5es e programas de pesquisa.<\/p>\n<p>Fonte: Ag\u00eancia Brasil<\/p>\n","protected":false},"excerpt":{"rendered":"<p>O presidente do Parlamento Su\u00ed\u00e7o, Dominique de Buman, chega neste\u00a0domingo, 13,\u00a0ao Brasil\u00a0para uma visita de quatro\u00a0dias. Ele permanecer\u00e1 em Nova Friburgo (RJ), cidade que comemorar\u00e1 200 anos da imigra\u00e7\u00e3o su\u00ed\u00e7a no Brasil e ficou conhecida como &#8220;Su\u00ed\u00e7a brasileira&#8221;. Dominique de Buman, que ocupa o maior cargo p\u00fablico do pa\u00eds,\u00a0visitar\u00e1 tamb\u00e9m Cantagalo e Duas Barras, munic\u00edpios [&hellip;]<\/p>\n","protected":false},"author":96,"featured_media":97709,"comment_status":"closed","ping_status":"closed","sticky":false,"template":"","format":"standard","meta":{"footnotes":""},"categories":[302],"tags":[],"class_list":["post-100366","post","type-post","status-publish","format-standard","has-post-thumbnail","hentry","category-brasil-mundo"],"_links":{"self":[{"href":"https:\/\/diarioregionaldigital.com.br\/index.php?rest_route=\/wp\/v2\/posts\/100366","targetHints":{"allow":["GET"]}}],"collection":[{"href":"https:\/\/diarioregionaldigital.com.br\/index.php?rest_route=\/wp\/v2\/posts"}],"about":[{"href":"https:\/\/diarioregionaldigital.com.br\/index.php?rest_route=\/wp\/v2\/types\/post"}],"author":[{"embeddable":true,"href":"https:\/\/diarioregionaldigital.com.br\/index.php?rest_route=\/wp\/v2\/users\/96"}],"replies":[{"embeddable":true,"href":"https:\/\/diarioregionaldigital.com.br\/index.php?rest_route=%2Fwp%2Fv2%2Fcomments&post=100366"}],"version-history":[{"count":0,"href":"https:\/\/diarioregionaldigital.com.br\/index.php?rest_route=\/wp\/v2\/posts\/100366\/revisions"}],"wp:featuredmedia":[{"embeddable":true,"href":"https:\/\/diarioregionaldigital.com.br\/index.php?rest_route=\/wp\/v2\/media\/97709"}],"wp:attachment":[{"href":"https:\/\/diarioregionaldigital.com.br\/index.php?rest_route=%2Fwp%2Fv2%2Fmedia&parent=100366"}],"wp:term":[{"taxonomy":"category","embeddable":true,"href":"https:\/\/diarioregionaldigital.com.br\/index.php?rest_route=%2Fwp%2Fv2%2Fcategories&post=100366"},{"taxonomy":"post_tag","embeddable":true,"href":"https:\/\/diarioregionaldigital.com.br\/index.php?rest_route=%2Fwp%2Fv2%2Ftags&post=100366"}],"curies":[{"name":"wp","href":"https:\/\/api.w.org\/{rel}","templated":true}]}}