{"id":100363,"date":"2018-05-12T15:39:13","date_gmt":"2018-05-12T18:39:13","guid":{"rendered":"http:\/\/diarioregionaljf.com.br\/?p=100363"},"modified":"2018-05-12T15:39:13","modified_gmt":"2018-05-12T18:39:13","slug":"com-foro-restrito-stf-baixa-de-instancia-ao-menos-65-processos","status":"publish","type":"post","link":"https:\/\/diarioregionaldigital.com.br\/?p=100363","title":{"rendered":"Com foro restrito, STF baixa de inst\u00e2ncia ao menos 65 processos"},"content":{"rendered":"<p>Menos de dez dias depois que o plen\u00e1rio do Supremo Tribunal Federal (STF) decidiu restringir o alcance do foro privilegiado de deputados e senadores, no \u00faltimo dia 3, ao menos 65 processos foram baixados para inst\u00e2ncias inferiores, dos quais no m\u00ednimo cinco est\u00e3o relacionados \u00e0 Lava Jato e seus desdobramentos.<\/p>\n<p>Com isso, come\u00e7a a ser drasticamente reduzido o n\u00famero de inqu\u00e9ritos e a\u00e7\u00f5es penais contra pessoas com foro especial que tramitam no Supremo. Antes da restri\u00e7\u00e3o, o total chegava a 540 processos, sendo cerca de 100 relacionados \u00e0 Lava Jato.<\/p>\n<p>Segundo o novo entendimento do STF, s\u00f3 devem permanecer na Corte processos contra parlamentares que apurem fatos ocorridos durante e em raz\u00e3o do mandato.<\/p>\n<h2><strong>Pente-fino \u00a0<\/strong><\/h2>\n<p>O primeiro ministro a remeter processos para a primeira inst\u00e2ncia ap\u00f3s o julgamento foi Dias Toffoli, que assinou despachos declinando a\u00e7\u00f5es e inqu\u00e9ritos ainda no mesmo dia da decis\u00e3o em plen\u00e1rio.<\/p>\n<p>O ministro Lu\u00eds Roberto Barroso, que j\u00e1 havia enviado tr\u00eas processos ainda antes do julgamento, confirmou a remessa desses e de ao menos outros sete. A\u00e7\u00f5es penais e inqu\u00e9ritos foram remetidos para a primeira inst\u00e2ncia tamb\u00e9m pelos ministros Edson Fachin, Alexandre de Moraes, Luiz Fux, Marco Aur\u00e9lio Mello, Celso de Mello e C\u00e1rmen L\u00facia, presidente do STF.<\/p>\n<p>No caso de Marco Aur\u00e9lio, por exemplo, foi feito um verdadeiro pente-fino no gabinete, sendo remetidos para a primeira inst\u00e2ncia 45% de todos os processos contra parlamentares que estavam sob sua relatoria.<\/p>\n<p>Entre os inqu\u00e9ritos declinados est\u00e3o investiga\u00e7\u00f5es como a que apura a participa\u00e7\u00e3o do\u00a0senador A\u00e9cio Neves\u00a0(PSDB) em desvios de cerca de R$ 5 milh\u00f5es nas obras da Cidade Administrativa de Minas Gerais, entre 2007 e 2009, quando foi governador.<\/p>\n<p>O caso foi enviado pelo ministro Alexandre de Moraes para a Justi\u00e7a mineira. A defesa disse que a declina\u00e7\u00e3o do processo j\u00e1 era esperada e negou qualquer envolvimento do parlamentar em irregularidades.<\/p>\n<h2><strong>\u00a0Crit\u00e9rios<\/strong><\/h2>\n<p>A grande maioria dos processos remetidos a outras inst\u00e2ncias se enquadra na tese de que o parlamentar n\u00e3o ocupava o cargo na \u00e9poca em que os supostos delitos teriam ocorrido.<\/p>\n<p>\u00c9 o caso do inqu\u00e9rito enviado por Fachin ao juiz federal S\u00e9rgio Moro, respons\u00e1vel pela Lava Jato no primeiro grau, no qual o senador\u00a0Fernando Bezerra\u00a0(MDB-PE) foi denunciado pela Procuradoria-Geral da Rep\u00fablica (PGR) por corrup\u00e7\u00e3o, ainda em 2016.<\/p>\n<p>Ele foi acusado de ter recebido ao menos R$ 41,5 milh\u00f5es em propina de empreiteiras que atuaram nas obras da Refinaria Abreu e Lima, em Pernambuco. Os crimes teriam ocorrido entre 2010 e 2011, quando o senador era secret\u00e1rio estadual. A defesa nega as acusa\u00e7\u00f5es e diz ter\u201ccerteza\u201d de que a den\u00fancia ser\u00e1 rejeitada em qualquer grau de jurisdi\u00e7\u00e3o.<\/p>\n<p>Alguns processos, por\u00e9m, dizem respeito a crimes que teriam ocorrido quando o parlamentar j\u00e1 havia assumido o cargo, mas que n\u00e3o tem rela\u00e7\u00e3o com o exerc\u00edcio do mandato.<\/p>\n<p>\u00c9 o caso do inqu\u00e9rito em que o deputado Tiririca (PR-SP) \u00e9 investigado por ass\u00e9dio sexual, e que foi remetido \u00e0 Justi\u00e7a de S\u00e3o Paulo pelo ministro Celso de Mello. N\u00e3o h\u00e1 detalhes sobre a investiga\u00e7\u00e3o, que corre em sigilo.<\/p>\n<p>Confira abaixo os demais parlamentares que tiveram processos remetidos a outras inst\u00e2ncias.<\/p>\n<h2><strong>A\u00e7\u00f5es penais<\/strong><\/h2>\n<p>Senador Ivo Cassol (PP-RO) &#8211; Justi\u00e7a Eleitoral de Rond\u00f4nia<\/p>\n<p>Deputado Hidekazu Takayama (PSC-PR) \u2013 Justi\u00e7a estadual do Paran\u00e1<\/p>\n<p>Deputado Alberto Fraga (DEM-DF) \u2013 Justi\u00e7a do Distrito Federal<\/p>\n<p>Senador D\u00e1rio Berger (PMDB-SC) \u2013 Justi\u00e7a estadual de Santa Catarina<\/p>\n<p>Deputado Marcos Re\u00e1tegui (PSD-AP) [duas a\u00e7\u00f5es penais] \u2013 Justi\u00e7a Federal do Amap\u00e1 e Justi\u00e7a estadual do Amap\u00e1<\/p>\n<p>Deputado Subtenente Gonzaga (PDT-MG) \u2013 Tribunal Regional Federal da 1\u00aa Regi\u00e3o<\/p>\n<p>Deputado C\u00edcero Almeida (PHS-AL) \u2013 Justi\u00e7a estadual de Alagoas<\/p>\n<p>Senador Cidinho Santos (PR-MT\/licenciado) \u2013 Justi\u00e7a estadual do Mato Grosso<\/p>\n<p>Deputado Ronaldo Lessa (PDT-AL) \u2013 N\u00e3o divulgado<\/p>\n<p>Deputado Helder Ign\u00e1cio Salom\u00e3o (PT-ES) \u2013 Justi\u00e7a estadual do Esp\u00edrito Santo<\/p>\n<p>Deputado Roberto G\u00f3es (PDT-AP) &#8211; Justi\u00e7a Estadual do Amap\u00e1 [5 a\u00e7\u00f5es penais]<\/p>\n<h2><strong>Inqu\u00e9ritos<\/strong><\/h2>\n<p>Deputado Maur\u00edcio Quintella Lessa (PR-AL) \u2013 Justi\u00e7a Federal de Alagoas<\/p>\n<p>Senador Jader Barbalho (MDB-PA) \u2013 Justi\u00e7a Federal do Par\u00e1<\/p>\n<p>Deputado Wladimir Costa \u2013 n\u00e3o divulgado<\/p>\n<p>Deputado Roberto Marinho \u2013 Justi\u00e7a Federal do Rio Grande do Norte<\/p>\n<p>Deputado Marco Tebaldi (PSDB-SC) \u2013 n\u00e3o divulgado<\/p>\n<p>Deputado Alceu Moreira (MDB-RS) \u2013 Justi\u00e7a estadual do Rio Grande do Sul<\/p>\n<p>Fonte: Ag\u00eancia Brasil<\/p>\n","protected":false},"excerpt":{"rendered":"<p>Menos de dez dias depois que o plen\u00e1rio do Supremo Tribunal Federal (STF) decidiu restringir o alcance do foro privilegiado de deputados e senadores, no \u00faltimo dia 3, ao menos 65 processos foram baixados para inst\u00e2ncias inferiores, dos quais no m\u00ednimo cinco est\u00e3o relacionados \u00e0 Lava Jato e seus desdobramentos. Com isso, come\u00e7a a ser [&hellip;]<\/p>\n","protected":false},"author":96,"featured_media":100364,"comment_status":"closed","ping_status":"closed","sticky":false,"template":"","format":"standard","meta":{"footnotes":""},"categories":[254,439],"tags":[],"class_list":["post-100363","post","type-post","status-publish","format-standard","has-post-thumbnail","hentry","category-politica","category-ultima-hora"],"_links":{"self":[{"href":"https:\/\/diarioregionaldigital.com.br\/index.php?rest_route=\/wp\/v2\/posts\/100363","targetHints":{"allow":["GET"]}}],"collection":[{"href":"https:\/\/diarioregionaldigital.com.br\/index.php?rest_route=\/wp\/v2\/posts"}],"about":[{"href":"https:\/\/diarioregionaldigital.com.br\/index.php?rest_route=\/wp\/v2\/types\/post"}],"author":[{"embeddable":true,"href":"https:\/\/diarioregionaldigital.com.br\/index.php?rest_route=\/wp\/v2\/users\/96"}],"replies":[{"embeddable":true,"href":"https:\/\/diarioregionaldigital.com.br\/index.php?rest_route=%2Fwp%2Fv2%2Fcomments&post=100363"}],"version-history":[{"count":0,"href":"https:\/\/diarioregionaldigital.com.br\/index.php?rest_route=\/wp\/v2\/posts\/100363\/revisions"}],"wp:featuredmedia":[{"embeddable":true,"href":"https:\/\/diarioregionaldigital.com.br\/index.php?rest_route=\/wp\/v2\/media\/100364"}],"wp:attachment":[{"href":"https:\/\/diarioregionaldigital.com.br\/index.php?rest_route=%2Fwp%2Fv2%2Fmedia&parent=100363"}],"wp:term":[{"taxonomy":"category","embeddable":true,"href":"https:\/\/diarioregionaldigital.com.br\/index.php?rest_route=%2Fwp%2Fv2%2Fcategories&post=100363"},{"taxonomy":"post_tag","embeddable":true,"href":"https:\/\/diarioregionaldigital.com.br\/index.php?rest_route=%2Fwp%2Fv2%2Ftags&post=100363"}],"curies":[{"name":"wp","href":"https:\/\/api.w.org\/{rel}","templated":true}]}}