{"id":100358,"date":"2018-05-12T15:28:27","date_gmt":"2018-05-12T18:28:27","guid":{"rendered":"http:\/\/diarioregionaljf.com.br\/?p=100358"},"modified":"2018-05-12T15:28:27","modified_gmt":"2018-05-12T18:28:27","slug":"mulher-tem-bolsa-roubada-por-dupla-em-moto-no-bairro-santa-luzia","status":"publish","type":"post","link":"https:\/\/diarioregionaldigital.com.br\/?p=100358","title":{"rendered":"Mulher tem bolsa roubada por dupla em moto no bairro Santa Luzia"},"content":{"rendered":"<p>Uma mulher de 36 anos foi assaltada por uma dupla em moto na noite dessa sexta-feira, 11. O crime ocorreu no bairro Santa Luzia, zona Sul.<\/p>\n<p>De acordo com a Pol\u00edcia Militar (PM), a v\u00edtima passava pela Rua Jo\u00e3o Teixeira Lopes Filho quando foi abordada por dois indiv\u00edduos em uma motocicleta, que anunciaram o assalto.<\/p>\n<p>Os autores, um deles com arma de fogo, fizeram amea\u00e7as contra a v\u00edtima e levaram sua bolsa, com aparelho celular e documentos diversos.<\/p>\n<p>A mulher recebeu as orienta\u00e7\u00f5es necess\u00e1rias. Nenhum dos autores foi localizado.<\/p>\n","protected":false},"excerpt":{"rendered":"<p>Uma mulher de 36 anos foi assaltada por uma dupla em moto na noite dessa sexta-feira, 11. O crime ocorreu no bairro Santa Luzia, zona Sul. De acordo com a Pol\u00edcia Militar (PM), a v\u00edtima passava pela Rua Jo\u00e3o Teixeira Lopes Filho quando foi abordada por dois indiv\u00edduos em uma motocicleta, que anunciaram o assalto. [&hellip;]<\/p>\n","protected":false},"author":96,"featured_media":97342,"comment_status":"closed","ping_status":"closed","sticky":false,"template":"","format":"standard","meta":{"footnotes":""},"categories":[301],"tags":[],"class_list":["post-100358","post","type-post","status-publish","format-standard","has-post-thumbnail","hentry","category-artigos-policiais"],"_links":{"self":[{"href":"https:\/\/diarioregionaldigital.com.br\/index.php?rest_route=\/wp\/v2\/posts\/100358","targetHints":{"allow":["GET"]}}],"collection":[{"href":"https:\/\/diarioregionaldigital.com.br\/index.php?rest_route=\/wp\/v2\/posts"}],"about":[{"href":"https:\/\/diarioregionaldigital.com.br\/index.php?rest_route=\/wp\/v2\/types\/post"}],"author":[{"embeddable":true,"href":"https:\/\/diarioregionaldigital.com.br\/index.php?rest_route=\/wp\/v2\/users\/96"}],"replies":[{"embeddable":true,"href":"https:\/\/diarioregionaldigital.com.br\/index.php?rest_route=%2Fwp%2Fv2%2Fcomments&post=100358"}],"version-history":[{"count":0,"href":"https:\/\/diarioregionaldigital.com.br\/index.php?rest_route=\/wp\/v2\/posts\/100358\/revisions"}],"wp:featuredmedia":[{"embeddable":true,"href":"https:\/\/diarioregionaldigital.com.br\/index.php?rest_route=\/wp\/v2\/media\/97342"}],"wp:attachment":[{"href":"https:\/\/diarioregionaldigital.com.br\/index.php?rest_route=%2Fwp%2Fv2%2Fmedia&parent=100358"}],"wp:term":[{"taxonomy":"category","embeddable":true,"href":"https:\/\/diarioregionaldigital.com.br\/index.php?rest_route=%2Fwp%2Fv2%2Fcategories&post=100358"},{"taxonomy":"post_tag","embeddable":true,"href":"https:\/\/diarioregionaldigital.com.br\/index.php?rest_route=%2Fwp%2Fv2%2Ftags&post=100358"}],"curies":[{"name":"wp","href":"https:\/\/api.w.org\/{rel}","templated":true}]}}