{"id":100354,"date":"2018-05-12T15:21:44","date_gmt":"2018-05-12T18:21:44","guid":{"rendered":"http:\/\/diarioregionaljf.com.br\/?p=100354"},"modified":"2018-05-12T15:21:44","modified_gmt":"2018-05-12T18:21:44","slug":"cnc-aumenta-projecao-de-crescimento-do-varejo-no-ano-para-54","status":"publish","type":"post","link":"https:\/\/diarioregionaldigital.com.br\/?p=100354","title":{"rendered":"CNC aumenta proje\u00e7\u00e3o de crescimento do varejo no ano para 5,4%"},"content":{"rendered":"<p>Os n\u00fameros da Pesquisa Mensal de Com\u00e9rcio (PMC) de mar\u00e7o, divulgados nessa sexta-feira, 11, pelo Instituto Brasileiro de Geografia e Estat\u00edstica (IBGE), levaram a Confedera\u00e7\u00e3o Nacional do Com\u00e9rcio de Bens, Servi\u00e7os e Turismo (CNC) a rever de 5% para 5,4% a proje\u00e7\u00e3o de crescimento do varejo em 2018. De acordo com o IBGE, o chamado varejo restrito, que abrange oito segmentos do com\u00e9rcio, apresentou alta de 0,3% nas vendas em mar\u00e7o, ante fevereiro, na s\u00e9rie com ajuste sazonal.<\/p>\n<p>J\u00e1 a CNC trabalha com o varejo ampliado, que pega dez segmentos do com\u00e9rcio varejista, incluindo o comportamento de ve\u00edculos e materiais de constru\u00e7\u00e3o. Falando \u00e0 Ag\u00eancia Brasil, o economista Fabio Bentes, da CNC, disse que na an\u00e1lise da confedera\u00e7\u00e3o, o varejo brasileiro evoluiu 1,1% em mar\u00e7o em rela\u00e7\u00e3o ao m\u00eas anterior, \u201cmelhor resultado do varejo nesse tipo de compara\u00e7\u00e3o desde 2013, quando a alta foi de 1,2%\u201d. Na compara\u00e7\u00e3o de mar\u00e7o de 2018 sobre o mesmo m\u00eas de 2017, a alta no varejo ampliado atingiu 7,8%, melhor desempenho do setor desde mar\u00e7o de 2012 (10,3%).<\/p>\n<h2>Recupera\u00e7\u00e3o do varejo<\/h2>\n<p>\u201cIsso quer dizer para a gente que o varejo est\u00e1 recuperando parte do desempenho decepcionante que ele teve no primeiro bimestre do ano, quando os dados mensais praticamente n\u00e3o sa\u00edram do lugar\u201d. De acordo com a CNC, o dado positivo de mar\u00e7o foi puxado pelo com\u00e9rcio automotivo, que dever\u00e1 ser o segmento de destaque do com\u00e9rcio varejista este ano. As vendas de autom\u00f3veis, que subiram 2,9% em mar\u00e7o, vinham subindo acima de 3% a 4% nos \u00faltimos meses, acumulando alta superior a 12% nos \u00faltimos cinco meses.<\/p>\n<p>Segundo Fabio Bentes, isso \u00e9 importante porque esse segmento responde por um quarto das vendas do varejo e demanda um n\u00edvel de confian\u00e7a relativamente elevado, porque envolve financiamentos de longo prazo. \u201cSe as pessoas est\u00e3o consumindo mais autom\u00f3veis nos \u00faltimos meses e de forma cont\u00ednua, \u00e9 um sinal que elas est\u00e3o mais encorajadas a contrair esse tipo de financiamento\u201d. Por isso, o economista aposta que o varejo ampliado tem todas as condi\u00e7\u00f5es de fechar o ano com um desempenho acima do crescimento de 4% observado nas vendas no ano passado.<\/p>\n<h2>Segmento de combust\u00edveis<\/h2>\n<p>Bentes salientou que tamb\u00e9m o segmento de combust\u00edveis influenciou o resultado de mar\u00e7o. Ocorreu nesse m\u00eas uma tr\u00e9gua na alta dos pre\u00e7os. \u201cOs pre\u00e7os n\u00e3o subiram em mar\u00e7o pelo \u00cdndice de Pre\u00e7os ao Consumidor Amplo (IPCA). Pelo contr\u00e1rio, at\u00e9 ca\u00edram 0,04%\u201d. Para os pr\u00f3ximos meses, dever\u00e1 se levar em conta dois fatores preocupantes no desempenho dos combust\u00edveis: a alta do pre\u00e7o do petr\u00f3leo no mercado internacional e a varia\u00e7\u00e3o do d\u00f3lar americano, porque boa parte dos combust\u00edveis consumidos no Brasil \u00e9 importada. A tend\u00eancia \u00e9 que os consumidores continuem pagando reajustes mais altos nos pr\u00f3ximos meses por conta desses dois elementos, afirmou Bentes.<\/p>\n<p>No acumulado do primeiro trimestre, o varejo ampliado acumula alta de 6,6% em rela\u00e7\u00e3o a igual per\u00edodo de 2017. Destaque, mais uma vez, para o com\u00e9rcio automotivo, que subiu 17,9%.<\/p>\n<p>Fonte: Ag\u00eancia Brasil<\/p>\n","protected":false},"excerpt":{"rendered":"<p>Os n\u00fameros da Pesquisa Mensal de Com\u00e9rcio (PMC) de mar\u00e7o, divulgados nessa sexta-feira, 11, pelo Instituto Brasileiro de Geografia e Estat\u00edstica (IBGE), levaram a Confedera\u00e7\u00e3o Nacional do Com\u00e9rcio de Bens, Servi\u00e7os e Turismo (CNC) a rever de 5% para 5,4% a proje\u00e7\u00e3o de crescimento do varejo em 2018. De acordo com o IBGE, o chamado [&hellip;]<\/p>\n","protected":false},"author":96,"featured_media":100356,"comment_status":"closed","ping_status":"closed","sticky":false,"template":"","format":"standard","meta":{"footnotes":""},"categories":[261,439],"tags":[],"class_list":["post-100354","post","type-post","status-publish","format-standard","has-post-thumbnail","hentry","category-economia","category-ultima-hora"],"_links":{"self":[{"href":"https:\/\/diarioregionaldigital.com.br\/index.php?rest_route=\/wp\/v2\/posts\/100354","targetHints":{"allow":["GET"]}}],"collection":[{"href":"https:\/\/diarioregionaldigital.com.br\/index.php?rest_route=\/wp\/v2\/posts"}],"about":[{"href":"https:\/\/diarioregionaldigital.com.br\/index.php?rest_route=\/wp\/v2\/types\/post"}],"author":[{"embeddable":true,"href":"https:\/\/diarioregionaldigital.com.br\/index.php?rest_route=\/wp\/v2\/users\/96"}],"replies":[{"embeddable":true,"href":"https:\/\/diarioregionaldigital.com.br\/index.php?rest_route=%2Fwp%2Fv2%2Fcomments&post=100354"}],"version-history":[{"count":0,"href":"https:\/\/diarioregionaldigital.com.br\/index.php?rest_route=\/wp\/v2\/posts\/100354\/revisions"}],"wp:featuredmedia":[{"embeddable":true,"href":"https:\/\/diarioregionaldigital.com.br\/index.php?rest_route=\/wp\/v2\/media\/100356"}],"wp:attachment":[{"href":"https:\/\/diarioregionaldigital.com.br\/index.php?rest_route=%2Fwp%2Fv2%2Fmedia&parent=100354"}],"wp:term":[{"taxonomy":"category","embeddable":true,"href":"https:\/\/diarioregionaldigital.com.br\/index.php?rest_route=%2Fwp%2Fv2%2Fcategories&post=100354"},{"taxonomy":"post_tag","embeddable":true,"href":"https:\/\/diarioregionaldigital.com.br\/index.php?rest_route=%2Fwp%2Fv2%2Ftags&post=100354"}],"curies":[{"name":"wp","href":"https:\/\/api.w.org\/{rel}","templated":true}]}}