{"id":100352,"date":"2018-05-12T15:12:19","date_gmt":"2018-05-12T18:12:19","guid":{"rendered":"http:\/\/diarioregionaljf.com.br\/?p=100352"},"modified":"2018-05-12T15:12:19","modified_gmt":"2018-05-12T18:12:19","slug":"denuncias-de-estupro-crescem-quase-30-na-espanha","status":"publish","type":"post","link":"https:\/\/diarioregionaldigital.com.br\/?p=100352","title":{"rendered":"Den\u00fancias de estupro crescem quase 30% na Espanha"},"content":{"rendered":"<p>A Espanha vive forte onda de manifesta\u00e7\u00f5es, desde o final de abril, quando uma senten\u00e7a, considerada branda, foi dada ao grupo de jovens conhecido como &#8220;a manada&#8221;, acusados por um estupro coletivo em 2016. O clima de revolta em que o pa\u00eds est\u00e1 imerso pode ter incentivado mais mulheres a denunciarem casos de viola\u00e7\u00e3o. O n\u00famero de den\u00fancias aumentou mais de 28% no primeiro trimestre deste ano.<\/p>\n<p>De acordo com um balan\u00e7o divulgado pelo Minist\u00e9rio do Interior espanhol, apenas nos tr\u00eas primeiros meses deste ano, foram 371 den\u00fancias de estupro, o que representa uma m\u00e9dia de mais de quatro crimes por dia.<\/p>\n<p>A revolta e a indigna\u00e7\u00e3o levaram milhares de estudantes, a maioria mulheres, \u00e0s ruas de diversas cidades espanholas ontem (10), em protesto \u00e0 senten\u00e7a dada pelo Tribunal de Navarra aos cinco acusados, ap\u00f3s um julgamento longo e angustiante.<\/p>\n<p>Os rapazes, com idades entre 27 e 29 anos, foram condenados a nove anos de pris\u00e3o por abuso sexual, mas absolvidos do crime de agress\u00e3o sexual, que inclui estupro. O entendimento da Justi\u00e7a espanhola foi que, como a v\u00edtima n\u00e3o exerceu resist\u00eancia, ficando im\u00f3vel e submissa \u00e0s ordens que recebia, o crime de agress\u00e3o n\u00e3o teria ocorrido.<\/p>\n<p>Durante as manifesta\u00e7\u00f5es de ontem, em Madri, as mulheres exibiam um grande cartaz onde se lia: &#8220;N\u00e3o \u00e9 abuso, \u00e9 viola\u00e7\u00e3o. N\u00f3s, sim, acreditamos em voc\u00ea&#8221;. Podia-se ler ainda cartazes com os dizeres &#8220;n\u00f3s somos a manada&#8221;, em refer\u00eancia ao nome do grupo no\u00a0<em>whatsapp<\/em>\u00a0que os rapazes usavam para se comunicar e no qual se vangloriavam de suas conquistas e sexo em grupo.<\/p>\n<p>Outra repercuss\u00e3o do caso foi a pol\u00eamica sobre a comiss\u00e3o criada para estudar a mudan\u00e7a no C\u00f3digo Penal, no que diz respeito aos crimes sexuais. A comiss\u00e3o, que era composta apenas por homens, foi alvo de protestos e ter\u00e1 n\u00famero equilibrado de mulheres e homens.<\/p>\n<p>Fonte: Ag\u00eancia Brasil<\/p>\n","protected":false},"excerpt":{"rendered":"<p>A Espanha vive forte onda de manifesta\u00e7\u00f5es, desde o final de abril, quando uma senten\u00e7a, considerada branda, foi dada ao grupo de jovens conhecido como &#8220;a manada&#8221;, acusados por um estupro coletivo em 2016. O clima de revolta em que o pa\u00eds est\u00e1 imerso pode ter incentivado mais mulheres a denunciarem casos de viola\u00e7\u00e3o. O [&hellip;]<\/p>\n","protected":false},"author":96,"featured_media":97709,"comment_status":"closed","ping_status":"closed","sticky":false,"template":"","format":"standard","meta":{"footnotes":""},"categories":[302,439],"tags":[],"class_list":["post-100352","post","type-post","status-publish","format-standard","has-post-thumbnail","hentry","category-brasil-mundo","category-ultima-hora"],"_links":{"self":[{"href":"https:\/\/diarioregionaldigital.com.br\/index.php?rest_route=\/wp\/v2\/posts\/100352","targetHints":{"allow":["GET"]}}],"collection":[{"href":"https:\/\/diarioregionaldigital.com.br\/index.php?rest_route=\/wp\/v2\/posts"}],"about":[{"href":"https:\/\/diarioregionaldigital.com.br\/index.php?rest_route=\/wp\/v2\/types\/post"}],"author":[{"embeddable":true,"href":"https:\/\/diarioregionaldigital.com.br\/index.php?rest_route=\/wp\/v2\/users\/96"}],"replies":[{"embeddable":true,"href":"https:\/\/diarioregionaldigital.com.br\/index.php?rest_route=%2Fwp%2Fv2%2Fcomments&post=100352"}],"version-history":[{"count":0,"href":"https:\/\/diarioregionaldigital.com.br\/index.php?rest_route=\/wp\/v2\/posts\/100352\/revisions"}],"wp:featuredmedia":[{"embeddable":true,"href":"https:\/\/diarioregionaldigital.com.br\/index.php?rest_route=\/wp\/v2\/media\/97709"}],"wp:attachment":[{"href":"https:\/\/diarioregionaldigital.com.br\/index.php?rest_route=%2Fwp%2Fv2%2Fmedia&parent=100352"}],"wp:term":[{"taxonomy":"category","embeddable":true,"href":"https:\/\/diarioregionaldigital.com.br\/index.php?rest_route=%2Fwp%2Fv2%2Fcategories&post=100352"},{"taxonomy":"post_tag","embeddable":true,"href":"https:\/\/diarioregionaldigital.com.br\/index.php?rest_route=%2Fwp%2Fv2%2Ftags&post=100352"}],"curies":[{"name":"wp","href":"https:\/\/api.w.org\/{rel}","templated":true}]}}