{"id":100347,"date":"2018-05-12T12:41:36","date_gmt":"2018-05-12T15:41:36","guid":{"rendered":"http:\/\/diarioregionaljf.com.br\/?p=100347"},"modified":"2018-05-12T12:41:36","modified_gmt":"2018-05-12T15:41:36","slug":"jovens-sao-ameacados-com-revolver-e-assaltados-por-dupla-em-moto-no-bairro-aeroporto","status":"publish","type":"post","link":"https:\/\/diarioregionaldigital.com.br\/?p=100347","title":{"rendered":"Jovens s\u00e3o amea\u00e7ados com rev\u00f3lver e assaltados por dupla em moto no bairro Aeroporto"},"content":{"rendered":"<p>Dois jovens, de 20 e 23 anos, foram assaltados na noite dessa sexta-feira, 11, por uma dupla em moto, no bairro Aeroporto, Cidade Alta.<\/p>\n<p>De acordo com o registro de ocorr\u00eancias da Pol\u00edcia Militar (PM), os jovens passavam pela Rua Maria de S\u00e1 Barreto, quando uma motocicleta se aproximou e o carona, com um rev\u00f3lver, desceu do ve\u00edculo e anunciou o assalto.<\/p>\n<p>Ap\u00f3s amea\u00e7as, os autores levaram os aparelhos celulares e a quantia de R$20 das v\u00edtimas. Ap\u00f3s a a\u00e7\u00e3o a dupla fugiu.<\/p>\n<p>A PM realizou buscas, mas nenhum dos suspeitos foi localizado.<\/p>\n","protected":false},"excerpt":{"rendered":"<p>Dois jovens, de 20 e 23 anos, foram assaltados na noite dessa sexta-feira, 11, por uma dupla em moto, no bairro Aeroporto, Cidade Alta. De acordo com o registro de ocorr\u00eancias da Pol\u00edcia Militar (PM), os jovens passavam pela Rua Maria de S\u00e1 Barreto, quando uma motocicleta se aproximou e o carona, com um rev\u00f3lver, [&hellip;]<\/p>\n","protected":false},"author":96,"featured_media":97342,"comment_status":"closed","ping_status":"closed","sticky":false,"template":"","format":"standard","meta":{"footnotes":""},"categories":[301,439],"tags":[],"class_list":["post-100347","post","type-post","status-publish","format-standard","has-post-thumbnail","hentry","category-artigos-policiais","category-ultima-hora"],"_links":{"self":[{"href":"https:\/\/diarioregionaldigital.com.br\/index.php?rest_route=\/wp\/v2\/posts\/100347","targetHints":{"allow":["GET"]}}],"collection":[{"href":"https:\/\/diarioregionaldigital.com.br\/index.php?rest_route=\/wp\/v2\/posts"}],"about":[{"href":"https:\/\/diarioregionaldigital.com.br\/index.php?rest_route=\/wp\/v2\/types\/post"}],"author":[{"embeddable":true,"href":"https:\/\/diarioregionaldigital.com.br\/index.php?rest_route=\/wp\/v2\/users\/96"}],"replies":[{"embeddable":true,"href":"https:\/\/diarioregionaldigital.com.br\/index.php?rest_route=%2Fwp%2Fv2%2Fcomments&post=100347"}],"version-history":[{"count":0,"href":"https:\/\/diarioregionaldigital.com.br\/index.php?rest_route=\/wp\/v2\/posts\/100347\/revisions"}],"wp:featuredmedia":[{"embeddable":true,"href":"https:\/\/diarioregionaldigital.com.br\/index.php?rest_route=\/wp\/v2\/media\/97342"}],"wp:attachment":[{"href":"https:\/\/diarioregionaldigital.com.br\/index.php?rest_route=%2Fwp%2Fv2%2Fmedia&parent=100347"}],"wp:term":[{"taxonomy":"category","embeddable":true,"href":"https:\/\/diarioregionaldigital.com.br\/index.php?rest_route=%2Fwp%2Fv2%2Fcategories&post=100347"},{"taxonomy":"post_tag","embeddable":true,"href":"https:\/\/diarioregionaldigital.com.br\/index.php?rest_route=%2Fwp%2Fv2%2Ftags&post=100347"}],"curies":[{"name":"wp","href":"https:\/\/api.w.org\/{rel}","templated":true}]}}