{"id":100344,"date":"2018-05-12T12:28:51","date_gmt":"2018-05-12T15:28:51","guid":{"rendered":"http:\/\/diarioregionaljf.com.br\/?p=100344"},"modified":"2018-05-12T12:28:51","modified_gmt":"2018-05-12T15:28:51","slug":"temer-completa-dois-anos-de-governo-e-diz-que-retirou-pais-da-recessao","status":"publish","type":"post","link":"https:\/\/diarioregionaldigital.com.br\/?p=100344","title":{"rendered":"Temer completa dois anos de governo e diz que retirou pa\u00eds da recess\u00e3o"},"content":{"rendered":"<p>Ao completar dois anos de governo neste s\u00e1bado, 12, o presidente Michel Temer usou o Twitter para fazer um balan\u00e7o de sua gest\u00e3o. Ele disse que assumiu o cargo com a miss\u00e3o de \u201cretirar o pa\u00eds da sua mais grave recess\u00e3o, estancar o desemprego, recuperar a responsabilidade fiscal e manter os programas sociais\u201d.<\/p>\n<p>Temer destacou que sua gest\u00e3o reverteu a recess\u00e3o de quase 4% ao ano e agora dever\u00e1 crescer mais de 2%. O presidente ressaltou ainda os dados sobre emprego no pa\u00eds.<\/p>\n<p>\u201cA recess\u00e3o que dizimava mais de 150 mil empregos\/m\u00eas acabou. O emprego voltou, com cerca de 204 mil vagas com carteira assinada em 2018 e mais de 1,5 mi de postos de trabalho gerados no \u00faltimo ano\u201d, escreveu.<\/p>\n<p>O presidente tamb\u00e9m apontou a reforma do Ensino M\u00e9dio e a Base Nacional Comum Curricular como marcos de sua gest\u00e3o. Segundo ele, s\u00e3o mais 500 mil vagas de ensino em tempo integral.<\/p>\n<p>\u201cO governo est\u00e1 investindo R$ 2 bi na Pol\u00edtica de Forma\u00e7\u00e3o de Professores, beneficiando 190 mil mestres. E com o programa Crian\u00e7a Feliz, estamos cuidando de crian\u00e7as e gestantes benefici\u00e1rias do @bolsafamilia e do Benef\u00edcio de Presta\u00e7\u00e3o Continuada\u201d. At\u00e9 23 de mar\u00e7o deste ano, 212 mil crian\u00e7as e 31,5 mil gestantes j\u00e1 tinham sido atendidas, disse.<\/p>\n<h2><strong>Posse<\/strong><\/h2>\n<p>Michel Temer assumiu a Presid\u00eancia da Rep\u00fablica em 12 de maio de 2016, ap\u00f3s os senadores aprovarem a abertura do processo de impeachment da ex-presidente Dilma Rousseff, o que resultou no afastamento dela do cargo. Em agosto, o Senado aprovou o impeachment e Temer assumiu a presid\u00eancia efetivamente.<\/p>\n<p>Fonte: Ag\u00eancia Brasil<\/p>\n","protected":false},"excerpt":{"rendered":"<p>Ao completar dois anos de governo neste s\u00e1bado, 12, o presidente Michel Temer usou o Twitter para fazer um balan\u00e7o de sua gest\u00e3o. Ele disse que assumiu o cargo com a miss\u00e3o de \u201cretirar o pa\u00eds da sua mais grave recess\u00e3o, estancar o desemprego, recuperar a responsabilidade fiscal e manter os programas sociais\u201d. Temer destacou [&hellip;]<\/p>\n","protected":false},"author":96,"featured_media":100345,"comment_status":"closed","ping_status":"closed","sticky":false,"template":"","format":"standard","meta":{"footnotes":""},"categories":[254,439],"tags":[],"class_list":["post-100344","post","type-post","status-publish","format-standard","has-post-thumbnail","hentry","category-politica","category-ultima-hora"],"_links":{"self":[{"href":"https:\/\/diarioregionaldigital.com.br\/index.php?rest_route=\/wp\/v2\/posts\/100344","targetHints":{"allow":["GET"]}}],"collection":[{"href":"https:\/\/diarioregionaldigital.com.br\/index.php?rest_route=\/wp\/v2\/posts"}],"about":[{"href":"https:\/\/diarioregionaldigital.com.br\/index.php?rest_route=\/wp\/v2\/types\/post"}],"author":[{"embeddable":true,"href":"https:\/\/diarioregionaldigital.com.br\/index.php?rest_route=\/wp\/v2\/users\/96"}],"replies":[{"embeddable":true,"href":"https:\/\/diarioregionaldigital.com.br\/index.php?rest_route=%2Fwp%2Fv2%2Fcomments&post=100344"}],"version-history":[{"count":0,"href":"https:\/\/diarioregionaldigital.com.br\/index.php?rest_route=\/wp\/v2\/posts\/100344\/revisions"}],"wp:featuredmedia":[{"embeddable":true,"href":"https:\/\/diarioregionaldigital.com.br\/index.php?rest_route=\/wp\/v2\/media\/100345"}],"wp:attachment":[{"href":"https:\/\/diarioregionaldigital.com.br\/index.php?rest_route=%2Fwp%2Fv2%2Fmedia&parent=100344"}],"wp:term":[{"taxonomy":"category","embeddable":true,"href":"https:\/\/diarioregionaldigital.com.br\/index.php?rest_route=%2Fwp%2Fv2%2Fcategories&post=100344"},{"taxonomy":"post_tag","embeddable":true,"href":"https:\/\/diarioregionaldigital.com.br\/index.php?rest_route=%2Fwp%2Fv2%2Ftags&post=100344"}],"curies":[{"name":"wp","href":"https:\/\/api.w.org\/{rel}","templated":true}]}}