{"id":100342,"date":"2018-05-12T12:22:57","date_gmt":"2018-05-12T15:22:57","guid":{"rendered":"http:\/\/diarioregionaljf.com.br\/?p=100342"},"modified":"2018-05-12T12:22:57","modified_gmt":"2018-05-12T15:22:57","slug":"pm-aprende-drogas-e-dinheiro-com-menor-que-realizava-trafico-no-bairro-vila-ideal","status":"publish","type":"post","link":"https:\/\/diarioregionaldigital.com.br\/?p=100342","title":{"rendered":"PM aprende drogas e dinheiro com menor que realizava tr\u00e1fico no bairro Vila Ideal"},"content":{"rendered":"<p>A Pol\u00edcia Militar apreendeu coca\u00edna e dinheiro em um terreno baldio no bairro Vila Ideal, zona Sudeste da cidade. A a\u00e7\u00e3o ocorreu na tarde dessa sexta-feira, 11.<\/p>\n<p>A apreens\u00e3o ocorreu durante um patrulhamento da pol\u00edcia pela regi\u00e3o. Ao passarem em determinado trecho da Avenida Francisco Valadares, um menor que realizava tr\u00e1fico de drogas avistou a viatura e fugiu do local por um terreno baldio deixando cair ao solo uma sacola preta contendo 191 papelotes de coca\u00edna e a quantia de R$1.304.<\/p>\n<p>A PM n\u00e3o conseguiu localizar o menor. O material foi conduzido para a delegacia.<\/p>\n","protected":false},"excerpt":{"rendered":"<p>A Pol\u00edcia Militar apreendeu coca\u00edna e dinheiro em um terreno baldio no bairro Vila Ideal, zona Sudeste da cidade. A a\u00e7\u00e3o ocorreu na tarde dessa sexta-feira, 11. A apreens\u00e3o ocorreu durante um patrulhamento da pol\u00edcia pela regi\u00e3o. Ao passarem em determinado trecho da Avenida Francisco Valadares, um menor que realizava tr\u00e1fico de drogas avistou a [&hellip;]<\/p>\n","protected":false},"author":96,"featured_media":97342,"comment_status":"closed","ping_status":"closed","sticky":false,"template":"","format":"standard","meta":{"footnotes":""},"categories":[301,439],"tags":[],"class_list":["post-100342","post","type-post","status-publish","format-standard","has-post-thumbnail","hentry","category-artigos-policiais","category-ultima-hora"],"_links":{"self":[{"href":"https:\/\/diarioregionaldigital.com.br\/index.php?rest_route=\/wp\/v2\/posts\/100342","targetHints":{"allow":["GET"]}}],"collection":[{"href":"https:\/\/diarioregionaldigital.com.br\/index.php?rest_route=\/wp\/v2\/posts"}],"about":[{"href":"https:\/\/diarioregionaldigital.com.br\/index.php?rest_route=\/wp\/v2\/types\/post"}],"author":[{"embeddable":true,"href":"https:\/\/diarioregionaldigital.com.br\/index.php?rest_route=\/wp\/v2\/users\/96"}],"replies":[{"embeddable":true,"href":"https:\/\/diarioregionaldigital.com.br\/index.php?rest_route=%2Fwp%2Fv2%2Fcomments&post=100342"}],"version-history":[{"count":0,"href":"https:\/\/diarioregionaldigital.com.br\/index.php?rest_route=\/wp\/v2\/posts\/100342\/revisions"}],"wp:featuredmedia":[{"embeddable":true,"href":"https:\/\/diarioregionaldigital.com.br\/index.php?rest_route=\/wp\/v2\/media\/97342"}],"wp:attachment":[{"href":"https:\/\/diarioregionaldigital.com.br\/index.php?rest_route=%2Fwp%2Fv2%2Fmedia&parent=100342"}],"wp:term":[{"taxonomy":"category","embeddable":true,"href":"https:\/\/diarioregionaldigital.com.br\/index.php?rest_route=%2Fwp%2Fv2%2Fcategories&post=100342"},{"taxonomy":"post_tag","embeddable":true,"href":"https:\/\/diarioregionaldigital.com.br\/index.php?rest_route=%2Fwp%2Fv2%2Ftags&post=100342"}],"curies":[{"name":"wp","href":"https:\/\/api.w.org\/{rel}","templated":true}]}}