{"id":100340,"date":"2018-05-12T12:11:36","date_gmt":"2018-05-12T15:11:36","guid":{"rendered":"http:\/\/diarioregionaljf.com.br\/?p=100340"},"modified":"2018-05-12T12:11:36","modified_gmt":"2018-05-12T15:11:36","slug":"mulher-e-assaltada-por-dupla-em-moto-ao-chegar-em-casa","status":"publish","type":"post","link":"https:\/\/diarioregionaldigital.com.br\/?p=100340","title":{"rendered":"Mulher \u00e9 assaltada por dupla em moto ao chegar em casa"},"content":{"rendered":"<p>Uma mulher de 52 anos foi assaltada ao chegar a sua resid\u00eancia na noite dessa sexta-feira, 11, no bairro Industrial, zona Norte da cidade.<\/p>\n<p>De acordo com a Pol\u00edcia Militar (PM), a v\u00edtima relatou que passava pela Rua Augusto Mariani e ao se aproximar de sua casa foi abordada por dois indiv\u00edduos em uma motocicleta, que anunciaram o assalto.<\/p>\n<p>O carona estava com uma arma de fogo e ap\u00f3s amea\u00e7as roubaram a quantia de R$ 190, documentos e cart\u00f5es de cr\u00e9dito e d\u00e9bito da v\u00edtima.<\/p>\n<p>A mulher passou informa\u00e7\u00f5es dos autores para a pol\u00edcia, entretanto, at\u00e9 o momento, nenhum deles foi preso.<\/p>\n","protected":false},"excerpt":{"rendered":"<p>Uma mulher de 52 anos foi assaltada ao chegar a sua resid\u00eancia na noite dessa sexta-feira, 11, no bairro Industrial, zona Norte da cidade. De acordo com a Pol\u00edcia Militar (PM), a v\u00edtima relatou que passava pela Rua Augusto Mariani e ao se aproximar de sua casa foi abordada por dois indiv\u00edduos em uma motocicleta, [&hellip;]<\/p>\n","protected":false},"author":96,"featured_media":97342,"comment_status":"closed","ping_status":"closed","sticky":false,"template":"","format":"standard","meta":{"footnotes":""},"categories":[301,439],"tags":[],"class_list":["post-100340","post","type-post","status-publish","format-standard","has-post-thumbnail","hentry","category-artigos-policiais","category-ultima-hora"],"_links":{"self":[{"href":"https:\/\/diarioregionaldigital.com.br\/index.php?rest_route=\/wp\/v2\/posts\/100340","targetHints":{"allow":["GET"]}}],"collection":[{"href":"https:\/\/diarioregionaldigital.com.br\/index.php?rest_route=\/wp\/v2\/posts"}],"about":[{"href":"https:\/\/diarioregionaldigital.com.br\/index.php?rest_route=\/wp\/v2\/types\/post"}],"author":[{"embeddable":true,"href":"https:\/\/diarioregionaldigital.com.br\/index.php?rest_route=\/wp\/v2\/users\/96"}],"replies":[{"embeddable":true,"href":"https:\/\/diarioregionaldigital.com.br\/index.php?rest_route=%2Fwp%2Fv2%2Fcomments&post=100340"}],"version-history":[{"count":0,"href":"https:\/\/diarioregionaldigital.com.br\/index.php?rest_route=\/wp\/v2\/posts\/100340\/revisions"}],"wp:featuredmedia":[{"embeddable":true,"href":"https:\/\/diarioregionaldigital.com.br\/index.php?rest_route=\/wp\/v2\/media\/97342"}],"wp:attachment":[{"href":"https:\/\/diarioregionaldigital.com.br\/index.php?rest_route=%2Fwp%2Fv2%2Fmedia&parent=100340"}],"wp:term":[{"taxonomy":"category","embeddable":true,"href":"https:\/\/diarioregionaldigital.com.br\/index.php?rest_route=%2Fwp%2Fv2%2Fcategories&post=100340"},{"taxonomy":"post_tag","embeddable":true,"href":"https:\/\/diarioregionaldigital.com.br\/index.php?rest_route=%2Fwp%2Fv2%2Ftags&post=100340"}],"curies":[{"name":"wp","href":"https:\/\/api.w.org\/{rel}","templated":true}]}}