{"id":100338,"date":"2018-05-12T12:01:55","date_gmt":"2018-05-12T15:01:55","guid":{"rendered":"http:\/\/diarioregionaljf.com.br\/?p=100338"},"modified":"2018-05-12T12:01:55","modified_gmt":"2018-05-12T15:01:55","slug":"jovem-e-morto-com-seis-tiros-na-cidade-alta","status":"publish","type":"post","link":"https:\/\/diarioregionaldigital.com.br\/?p=100338","title":{"rendered":"Jovem \u00e9 morto com seis tiros na Cidade Alta"},"content":{"rendered":"<p>Um jovem de 23 anos foi v\u00edtima de um homic\u00eddio na noite dessa sexta-feira, 11, no bairro Santos Dumont, na Cidade Alta.<\/p>\n<p>De acordo com informa\u00e7\u00f5es do registro de ocorr\u00eancias, a Pol\u00edcia Militar (PM) foi acionada e compareceu \u00e0 Rua Professor Jos\u00e9 Vilas Bou\u00e7adas onde se depararam com o corpo da v\u00edtima ca\u00edda ao solo, com muito sangue no entorno e sem sinais vitais.<\/p>\n<p>A per\u00edcia tamb\u00e9m compareceu ao local e constatou o \u00f3bito e seis perfura\u00e7\u00f5es, sendo quatro na regi\u00e3o tor\u00e1cica, uma na orelha e outra na cabe\u00e7a. Foram localizados quatro cartuchos deflagrados de calibre 9mm. A funer\u00e1ria Santa Casa removeu o corpo para o Instituto M\u00e9dico Legal (IML)<\/p>\n<p>A pol\u00edcia recebeu informa\u00e7\u00f5es de que dois indiv\u00edduos em uma moto pequena, provavelmente uma Honda CG, de cor escura, chegaram ao local e efetuaram os disparos de arma de fogo contra a v\u00edtima.<\/p>\n<p>Ainda segundo dado da ocorr\u00eancia, a v\u00edtima teria participado outro <a href=\"https:\/\/diarioregionaldigital.com.br\/2018\/05\/11\/jovem-e-encontrado-morto-na-cozinha-de-casa-no-jardim-casablanca\/\">homic\u00eddio ocorrido no bairro Jardim Casablanca<\/a>, na quinta-feira, dia 10.<\/p>\n","protected":false},"excerpt":{"rendered":"<p>Um jovem de 23 anos foi v\u00edtima de um homic\u00eddio na noite dessa sexta-feira, 11, no bairro Santos Dumont, na Cidade Alta. De acordo com informa\u00e7\u00f5es do registro de ocorr\u00eancias, a Pol\u00edcia Militar (PM) foi acionada e compareceu \u00e0 Rua Professor Jos\u00e9 Vilas Bou\u00e7adas onde se depararam com o corpo da v\u00edtima ca\u00edda ao solo, [&hellip;]<\/p>\n","protected":false},"author":96,"featured_media":97342,"comment_status":"closed","ping_status":"closed","sticky":false,"template":"","format":"standard","meta":{"footnotes":""},"categories":[301,436,439],"tags":[],"class_list":["post-100338","post","type-post","status-publish","format-standard","has-post-thumbnail","hentry","category-artigos-policiais","category-destaque-da-semana","category-ultima-hora"],"_links":{"self":[{"href":"https:\/\/diarioregionaldigital.com.br\/index.php?rest_route=\/wp\/v2\/posts\/100338","targetHints":{"allow":["GET"]}}],"collection":[{"href":"https:\/\/diarioregionaldigital.com.br\/index.php?rest_route=\/wp\/v2\/posts"}],"about":[{"href":"https:\/\/diarioregionaldigital.com.br\/index.php?rest_route=\/wp\/v2\/types\/post"}],"author":[{"embeddable":true,"href":"https:\/\/diarioregionaldigital.com.br\/index.php?rest_route=\/wp\/v2\/users\/96"}],"replies":[{"embeddable":true,"href":"https:\/\/diarioregionaldigital.com.br\/index.php?rest_route=%2Fwp%2Fv2%2Fcomments&post=100338"}],"version-history":[{"count":0,"href":"https:\/\/diarioregionaldigital.com.br\/index.php?rest_route=\/wp\/v2\/posts\/100338\/revisions"}],"wp:featuredmedia":[{"embeddable":true,"href":"https:\/\/diarioregionaldigital.com.br\/index.php?rest_route=\/wp\/v2\/media\/97342"}],"wp:attachment":[{"href":"https:\/\/diarioregionaldigital.com.br\/index.php?rest_route=%2Fwp%2Fv2%2Fmedia&parent=100338"}],"wp:term":[{"taxonomy":"category","embeddable":true,"href":"https:\/\/diarioregionaldigital.com.br\/index.php?rest_route=%2Fwp%2Fv2%2Fcategories&post=100338"},{"taxonomy":"post_tag","embeddable":true,"href":"https:\/\/diarioregionaldigital.com.br\/index.php?rest_route=%2Fwp%2Fv2%2Ftags&post=100338"}],"curies":[{"name":"wp","href":"https:\/\/api.w.org\/{rel}","templated":true}]}}