{"id":100334,"date":"2018-05-12T11:23:37","date_gmt":"2018-05-12T14:23:37","guid":{"rendered":"http:\/\/diarioregionaljf.com.br\/?p=100334"},"modified":"2018-05-12T11:23:37","modified_gmt":"2018-05-12T14:23:37","slug":"parque-e-galeria-do-museu-mariano-procopio-serao-reabertos-a-partir-da-proxima-terca-feira","status":"publish","type":"post","link":"https:\/\/diarioregionaldigital.com.br\/?p=100334","title":{"rendered":"Parque e galeria do Museu Mariano Proc\u00f3pio ser\u00e3o reabertos a partir da pr\u00f3xima ter\u00e7a-feira"},"content":{"rendered":"<p>O Parque e a Galeria Maria Am\u00e1lia do Museu Mariano Proc\u00f3pio ser\u00e3o reabertos na pr\u00f3xima ter\u00e7a-feira, 15. A informa\u00e7\u00e3o foi divulgada nessa sexta-feira, 11, pelo Prefeito Ant\u00f4nio Almas (PSDB), atrav\u00e9s de uma rede social.<\/p>\n<p>O Museu Mariano Proc\u00f3pio encontrava-se fechado desde 4 de janeiro deste ano, por medida de precau\u00e7\u00e3o e seguran\u00e7a \u00e0 popula\u00e7\u00e3o contra a febre amarela, ap\u00f3s um macaco ter sido encontrado morto nas depend\u00eancias do parque do museu.<\/p>\n<p>O prefeito afirmou que \u201cagora n\u00f3s estamos com seguran\u00e7a, a partir de discuss\u00f5es com as autoridades sanit\u00e1rias, para garantir que a partir de ter\u00e7a-feira, o parque retorne \u00e0s suas atividades de forma com que todo juiz-forano possa voltar a se reencontrar com o museu\u201d.<\/p>\n<p>Almas ainda destacou algumas precau\u00e7\u00f5es que devem ser tomadas pelos cidad\u00e3os. \u201c\u00c9 importante que todas as pessoas tenham o cuidado de terem sido vacinadas para ocupar esse espa\u00e7o do parque. N\u00f3s ainda n\u00e3o temos toda seguran\u00e7a. Ainda dependemos, pra seguran\u00e7a do cidad\u00e3o, que eles tenham sido vacinados. Aqueles que n\u00e3o foram vacinados dever\u00e3o faz\u00ea-lo e aguardar o prazo de 10 dias para depois visitar o parque mariano.\u201d finalizou.<\/p>\n<p>As vacinas podem ser buscadas nas unidades b\u00e1sicas de sa\u00fade da cidade.<\/p>\n","protected":false},"excerpt":{"rendered":"<p>O Parque e a Galeria Maria Am\u00e1lia do Museu Mariano Proc\u00f3pio ser\u00e3o reabertos na pr\u00f3xima ter\u00e7a-feira, 15. A informa\u00e7\u00e3o foi divulgada nessa sexta-feira, 11, pelo Prefeito Ant\u00f4nio Almas (PSDB), atrav\u00e9s de uma rede social. O Museu Mariano Proc\u00f3pio encontrava-se fechado desde 4 de janeiro deste ano, por medida de precau\u00e7\u00e3o e seguran\u00e7a \u00e0 popula\u00e7\u00e3o contra [&hellip;]<\/p>\n","protected":false},"author":96,"featured_media":100336,"comment_status":"closed","ping_status":"closed","sticky":false,"template":"","format":"standard","meta":{"footnotes":""},"categories":[253,436,439],"tags":[],"class_list":["post-100334","post","type-post","status-publish","format-standard","has-post-thumbnail","hentry","category-cidade","category-destaque-da-semana","category-ultima-hora"],"_links":{"self":[{"href":"https:\/\/diarioregionaldigital.com.br\/index.php?rest_route=\/wp\/v2\/posts\/100334","targetHints":{"allow":["GET"]}}],"collection":[{"href":"https:\/\/diarioregionaldigital.com.br\/index.php?rest_route=\/wp\/v2\/posts"}],"about":[{"href":"https:\/\/diarioregionaldigital.com.br\/index.php?rest_route=\/wp\/v2\/types\/post"}],"author":[{"embeddable":true,"href":"https:\/\/diarioregionaldigital.com.br\/index.php?rest_route=\/wp\/v2\/users\/96"}],"replies":[{"embeddable":true,"href":"https:\/\/diarioregionaldigital.com.br\/index.php?rest_route=%2Fwp%2Fv2%2Fcomments&post=100334"}],"version-history":[{"count":0,"href":"https:\/\/diarioregionaldigital.com.br\/index.php?rest_route=\/wp\/v2\/posts\/100334\/revisions"}],"wp:featuredmedia":[{"embeddable":true,"href":"https:\/\/diarioregionaldigital.com.br\/index.php?rest_route=\/wp\/v2\/media\/100336"}],"wp:attachment":[{"href":"https:\/\/diarioregionaldigital.com.br\/index.php?rest_route=%2Fwp%2Fv2%2Fmedia&parent=100334"}],"wp:term":[{"taxonomy":"category","embeddable":true,"href":"https:\/\/diarioregionaldigital.com.br\/index.php?rest_route=%2Fwp%2Fv2%2Fcategories&post=100334"},{"taxonomy":"post_tag","embeddable":true,"href":"https:\/\/diarioregionaldigital.com.br\/index.php?rest_route=%2Fwp%2Fv2%2Ftags&post=100334"}],"curies":[{"name":"wp","href":"https:\/\/api.w.org\/{rel}","templated":true}]}}