{"id":100325,"date":"2018-05-12T09:51:32","date_gmt":"2018-05-12T12:51:32","guid":{"rendered":"http:\/\/diarioregionaljf.com.br\/?p=100325"},"modified":"2018-05-12T09:51:32","modified_gmt":"2018-05-12T12:51:32","slug":"prazo-de-renovacao-do-fies-e-adiado-para-25-de-maio","status":"publish","type":"post","link":"https:\/\/diarioregionaldigital.com.br\/?p=100325","title":{"rendered":"Prazo de renova\u00e7\u00e3o do Fies \u00e9 adiado para 25 de maio"},"content":{"rendered":"<p>O prazo para renova\u00e7\u00e3o do contrato do Fundo de Financiamento Estudantil (Fies) do primeiro semestre deste ano foi adiado mais uma vez e se encerra no dia 25 de maio. O prazo final para a renova\u00e7\u00e3o seria na quinta-feira, 10. A nova data foi definida em portaria publicada na edi\u00e7\u00e3o de hoje do\u00a0Di\u00e1rio Oficial da Uni\u00e3o.<\/p>\n<p>Os contratos do Fies precisam ser aditados todo semestre. O pedido \u00e9 feito inicialmente pelas institui\u00e7\u00f5es de ensino e depois as informa\u00e7\u00f5es devem ser validadas pelos estudantes pela internet no\u00a0Sistema Informatizado do Fundo de Financiamento Estudantil (SisFies). Neste semestre, cerca de 1,1 milh\u00e3o de contratos devem ser renovados.<\/p>\n<p>No caso das renova\u00e7\u00f5es que tenham alguma altera\u00e7\u00e3o nas cl\u00e1usulas do contrato, o estudante precisa levar a nova documenta\u00e7\u00e3o ao agente financeiro &#8211; Banco do Brasil ou Caixa Econ\u00f4mica Federal &#8211; para concluir a renova\u00e7\u00e3o. J\u00e1 nos aditamentos simplificados, a renova\u00e7\u00e3o \u00e9 formalizada a partir da valida\u00e7\u00e3o do estudante no sistema.<\/p>\n<p>Inicialmente, os estudantes tinham at\u00e9 o dia 30 de abril para fazer a renova\u00e7\u00e3o, o prazo foi prorrogado at\u00e9 hoje e agora estendido mais uma vez at\u00e9 o dia 25 de maio pelo Fundo Nacional de Desenvolvimento da Educa\u00e7\u00e3o (FNDE), do Minist\u00e9rio da Educa\u00e7\u00e3o.<\/p>\n<p>O Fies concede financiamento a estudantes em cursos superiores n\u00e3o gratuitos, com avalia\u00e7\u00e3o positiva nos processos conduzidos pelo Minist\u00e9rio da Educa\u00e7\u00e3o. Os estudantes que ingressaram no programa a partir de 2018 aderiram ao Novo Fies que divide o programa em diferentes modalidades, possibilitando juros zero e uma escala de financiamentos que varia conforme a renda familiar do candidato.<\/p>\n<p>Fonte: Ag\u00eancia Brasil<\/p>\n","protected":false},"excerpt":{"rendered":"<p>O prazo para renova\u00e7\u00e3o do contrato do Fundo de Financiamento Estudantil (Fies) do primeiro semestre deste ano foi adiado mais uma vez e se encerra no dia 25 de maio. O prazo final para a renova\u00e7\u00e3o seria na quinta-feira, 10. A nova data foi definida em portaria publicada na edi\u00e7\u00e3o de hoje do\u00a0Di\u00e1rio Oficial da [&hellip;]<\/p>\n","protected":false},"author":96,"featured_media":100326,"comment_status":"closed","ping_status":"closed","sticky":false,"template":"","format":"standard","meta":{"footnotes":""},"categories":[302,439],"tags":[],"class_list":["post-100325","post","type-post","status-publish","format-standard","has-post-thumbnail","hentry","category-brasil-mundo","category-ultima-hora"],"_links":{"self":[{"href":"https:\/\/diarioregionaldigital.com.br\/index.php?rest_route=\/wp\/v2\/posts\/100325","targetHints":{"allow":["GET"]}}],"collection":[{"href":"https:\/\/diarioregionaldigital.com.br\/index.php?rest_route=\/wp\/v2\/posts"}],"about":[{"href":"https:\/\/diarioregionaldigital.com.br\/index.php?rest_route=\/wp\/v2\/types\/post"}],"author":[{"embeddable":true,"href":"https:\/\/diarioregionaldigital.com.br\/index.php?rest_route=\/wp\/v2\/users\/96"}],"replies":[{"embeddable":true,"href":"https:\/\/diarioregionaldigital.com.br\/index.php?rest_route=%2Fwp%2Fv2%2Fcomments&post=100325"}],"version-history":[{"count":0,"href":"https:\/\/diarioregionaldigital.com.br\/index.php?rest_route=\/wp\/v2\/posts\/100325\/revisions"}],"wp:featuredmedia":[{"embeddable":true,"href":"https:\/\/diarioregionaldigital.com.br\/index.php?rest_route=\/wp\/v2\/media\/100326"}],"wp:attachment":[{"href":"https:\/\/diarioregionaldigital.com.br\/index.php?rest_route=%2Fwp%2Fv2%2Fmedia&parent=100325"}],"wp:term":[{"taxonomy":"category","embeddable":true,"href":"https:\/\/diarioregionaldigital.com.br\/index.php?rest_route=%2Fwp%2Fv2%2Fcategories&post=100325"},{"taxonomy":"post_tag","embeddable":true,"href":"https:\/\/diarioregionaldigital.com.br\/index.php?rest_route=%2Fwp%2Fv2%2Ftags&post=100325"}],"curies":[{"name":"wp","href":"https:\/\/api.w.org\/{rel}","templated":true}]}}