{"id":100319,"date":"2018-05-12T09:39:46","date_gmt":"2018-05-12T12:39:46","guid":{"rendered":"http:\/\/diarioregionaljf.com.br\/?p=100319"},"modified":"2018-05-12T09:42:53","modified_gmt":"2018-05-12T12:42:53","slug":"petrobras-aumenta-preco-da-gasolina-para-distribuidoras","status":"publish","type":"post","link":"https:\/\/diarioregionaldigital.com.br\/?p=100319","title":{"rendered":"Petrobras aumenta pre\u00e7o da gasolina para distribuidoras"},"content":{"rendered":"<p>A Petrobras anunciou nessa sexta-feira, 11, novo reajuste para a gasolina, que j\u00e1 entra em vigor neste s\u00e1bado, 12. O pre\u00e7o para as distribuidoras ser\u00e1 de R$ 1,9330, mostrando aumento de 2,23% em rela\u00e7\u00e3o ao valor de R$ 1,8908 que vigorou nessa sexta-feira. Essa \u00e9 a sexta vez consecutiva que a estatal eleva os pre\u00e7os dos combust\u00edveis em maio deste ano no pa\u00eds.<\/p>\n<p>Tamb\u00e9m amanh\u00e3, o litro do diesel ter\u00e1 redu\u00e7\u00e3o de 0,88%, passando de R$ 2,2361 para R$ 2,2162.<\/p>\n<p>A pol\u00edtica de pre\u00e7os adotada a partir de julho do ano passado pela Petrobras para a gasolina e o diesel vendidos \u00e0s distribuidoras se baseia no pre\u00e7o de paridade de importa\u00e7\u00e3o, formado pelas cota\u00e7\u00f5es internacionais desses produtos mais os custos que os importadores teriam, como transporte e taxas portu\u00e1rias, por exemplo, esclareceu a empresa.<\/p>\n<p>Segundo ela, \u201ca paridade \u00e9 necess\u00e1ria porque o mercado brasileiro de combust\u00edveis \u00e9 aberto \u00e0 livre concorr\u00eancia, dando \u00e0s distribuidoras a alternativa de importar os produtos\u201d. O pre\u00e7o considera ainda uma margem que cobre eventuais riscos, como volatilidade do c\u00e2mbio e dos pre\u00e7os.<\/p>\n<p>Fonte: Ag\u00eancia Brasil<\/p>\n","protected":false},"excerpt":{"rendered":"<p>A Petrobras anunciou nessa sexta-feira, 11, novo reajuste para a gasolina, que j\u00e1 entra em vigor neste s\u00e1bado, 12. O pre\u00e7o para as distribuidoras ser\u00e1 de R$ 1,9330, mostrando aumento de 2,23% em rela\u00e7\u00e3o ao valor de R$ 1,8908 que vigorou nessa sexta-feira. Essa \u00e9 a sexta vez consecutiva que a estatal eleva os pre\u00e7os [&hellip;]<\/p>\n","protected":false},"author":96,"featured_media":100321,"comment_status":"closed","ping_status":"closed","sticky":false,"template":"","format":"standard","meta":{"footnotes":""},"categories":[436,261,439],"tags":[],"class_list":["post-100319","post","type-post","status-publish","format-standard","has-post-thumbnail","hentry","category-destaque-da-semana","category-economia","category-ultima-hora"],"_links":{"self":[{"href":"https:\/\/diarioregionaldigital.com.br\/index.php?rest_route=\/wp\/v2\/posts\/100319","targetHints":{"allow":["GET"]}}],"collection":[{"href":"https:\/\/diarioregionaldigital.com.br\/index.php?rest_route=\/wp\/v2\/posts"}],"about":[{"href":"https:\/\/diarioregionaldigital.com.br\/index.php?rest_route=\/wp\/v2\/types\/post"}],"author":[{"embeddable":true,"href":"https:\/\/diarioregionaldigital.com.br\/index.php?rest_route=\/wp\/v2\/users\/96"}],"replies":[{"embeddable":true,"href":"https:\/\/diarioregionaldigital.com.br\/index.php?rest_route=%2Fwp%2Fv2%2Fcomments&post=100319"}],"version-history":[{"count":0,"href":"https:\/\/diarioregionaldigital.com.br\/index.php?rest_route=\/wp\/v2\/posts\/100319\/revisions"}],"wp:featuredmedia":[{"embeddable":true,"href":"https:\/\/diarioregionaldigital.com.br\/index.php?rest_route=\/wp\/v2\/media\/100321"}],"wp:attachment":[{"href":"https:\/\/diarioregionaldigital.com.br\/index.php?rest_route=%2Fwp%2Fv2%2Fmedia&parent=100319"}],"wp:term":[{"taxonomy":"category","embeddable":true,"href":"https:\/\/diarioregionaldigital.com.br\/index.php?rest_route=%2Fwp%2Fv2%2Fcategories&post=100319"},{"taxonomy":"post_tag","embeddable":true,"href":"https:\/\/diarioregionaldigital.com.br\/index.php?rest_route=%2Fwp%2Fv2%2Ftags&post=100319"}],"curies":[{"name":"wp","href":"https:\/\/api.w.org\/{rel}","templated":true}]}}