{"id":100316,"date":"2018-05-12T09:30:08","date_gmt":"2018-05-12T12:30:08","guid":{"rendered":"http:\/\/diarioregionaljf.com.br\/?p=100316"},"modified":"2018-05-12T09:30:08","modified_gmt":"2018-05-12T12:30:08","slug":"filho-de-herzog-quer-que-governo-solicite-acesso-a-documentos-da-cia","status":"publish","type":"post","link":"https:\/\/diarioregionaldigital.com.br\/?p=100316","title":{"rendered":"Filho de Herzog quer que governo solicite acesso a documentos da CIA"},"content":{"rendered":"<p>O engenheiro Ivo Herzog, filho do jornalista Vladimir Herzog, divulgou nessa sexta-feira, 11, carta que enviou ao ministro das Rela\u00e7\u00f5es Exteriores, Aloysio Nunes, sobre\u00a0o memorando da CIA\u00a0(servi\u00e7o de intelig\u00eancia dos Estados Unidos) que revela novos fatos envolvendo o Estado na morte de seus opositores durante a ditadura militar, sob a presid\u00eancia do general Ernesto Geisel (1974-1979).<\/p>\n<p>Na carta, Ivo Herzog pede que o governo brasileiro solicite ao governo norte-americano a libera\u00e7\u00e3o completa dos registros feitos pela CIA. \u201cA fam\u00edlia Herzog vem a Vossa Senhoria solicitar manifesta\u00e7\u00e3o do Minist\u00e9rio das Rela\u00e7\u00f5es Exteriores solicitando ao governo norte-americano a libera\u00e7\u00e3o completa dos registros realizados pela Ag\u00eancia Central de Intelig\u00eancia (CIA) que documentam a participa\u00e7\u00e3o de agentes do Estado brasileiro em opera\u00e7\u00f5es para torturarem ou assassinarem cidad\u00e3os brasileiros\u201d, diz o texto.<\/p>\n<p>Diretor do telejornal Hora da Not\u00edcia, veiculado pela TV Cultura de S\u00e3o Paulo, Vladimir Herzog foi morto em outubro de 1975 sob tortura pelos militares ap\u00f3s ser detido nas depend\u00eancias do Destacamento de Opera\u00e7\u00f5es de Informa\u00e7\u00f5es \u2013 Centro de Opera\u00e7\u00f5es de Defesa Interna (DOI\/CODI). Ele deixou a esposa Clarice e os dois filhos, Ivo e Andr\u00e9, na \u00e9poca com 9 e 7 anos, respectivamente.<\/p>\n<p>Na \u00e9poca, a morte foi divulgada pelo Ex\u00e9rcito como suic\u00eddio com a utiliza\u00e7\u00e3o de uma foto forjada. Em 2013, como parte dos trabalhos da Comiss\u00e3o Nacional da Verdade (CNV), a fam\u00edlia conseguiu a retifica\u00e7\u00e3o do atestado de \u00f3bito no qual consta que a morte do jornalista se deu em fun\u00e7\u00e3o de \u201cles\u00f5es e maus tratos sofridos durante os interrogat\u00f3rios em depend\u00eancia do 2\u00ba Ex\u00e9rcito (DOI-CODI)\u201d.<\/p>\n<p>Ivo Herzog finaliza a carta lembrando que Aloysio Nunes, assim como a fam\u00edlia Herzog, sabe o que foi \u201co terror e a viol\u00eancia\u201d promovidos pela ditadura brasileira. \u201cUma na\u00e7\u00e3o precisa conhecer sua hist\u00f3ria oficialmente para ter pol\u00edticas p\u00fablicas que previnam que os erros do passado se repitam\u201d, conclui.<\/p>\n<p>Procurado pela\u00a0<strong>Ag\u00eancia Brasil<\/strong>, o Itamaraty respondeu que ainda n\u00e3o tem um posicionamento oficial sobre a carta enviada.<\/p>\n<p>Depois, em nota, o Itamaraty confirmou que recebeu a carta, datada de 11 de maio, e &#8220;examina o encaminhamento da solicita\u00e7\u00e3o nela contida&#8221;.<\/p>\n<h2><strong>Documento confidencial<\/strong><\/h2>\n<p>O memorando revela que Geisel autorizou o Centro de Intelig\u00eancia do Ex\u00e9rcito (CIE) a continuar a pol\u00edtica de execu\u00e7\u00f5es sum\u00e1rias contra opositores da ditadura militar no Brasil adotadas durante o governo de Em\u00edlio Garrastazu M\u00e9dici (1969-1974).<\/p>\n<p>O documento, agora tornado p\u00fablico pelo Departamento de Estado dos EUA, data de 11 de abril de 1974 e \u00e9 assinado pelo ent\u00e3o diretor da CIA Willian Colby e endere\u00e7ado ao secret\u00e1rio de Estado dos EUA na \u00e9poca, Henry Kissinger. Nele, Colby detalha que Geisel, ao assumir o poder, foi informado de que 104 pessoas haviam sido mortas no ano anterior.<\/p>\n<p>Na ocasi\u00e3o, o Centro de Informa\u00e7\u00f5es do Ex\u00e9rcito recebeu autoriza\u00e7\u00e3o de Geisel para manter o m\u00e9todo, mas restringido aos &#8220;casos excepcionais&#8221;, que envolvessem &#8220;subversivos perigosos&#8221;. Al\u00e9m do aval do Pal\u00e1cio do Planalto, as execu\u00e7\u00f5es tamb\u00e9m deveriam ser precedidas de consulta ao ent\u00e3o diretor do Servi\u00e7o Nacional de Informa\u00e7\u00f5es (SNI), general Jo\u00e3o Baptista Figueiredo, sucessor de Geisel na Presid\u00eancia da Rep\u00fablica, entre 1979-1985.<\/p>\n<p>Fonte: Ag\u00eancia\u00a0 Brasil<\/p>\n","protected":false},"excerpt":{"rendered":"<p>O engenheiro Ivo Herzog, filho do jornalista Vladimir Herzog, divulgou nessa sexta-feira, 11, carta que enviou ao ministro das Rela\u00e7\u00f5es Exteriores, Aloysio Nunes, sobre\u00a0o memorando da CIA\u00a0(servi\u00e7o de intelig\u00eancia dos Estados Unidos) que revela novos fatos envolvendo o Estado na morte de seus opositores durante a ditadura militar, sob a presid\u00eancia do general Ernesto Geisel [&hellip;]<\/p>\n","protected":false},"author":96,"featured_media":100317,"comment_status":"closed","ping_status":"closed","sticky":false,"template":"","format":"standard","meta":{"footnotes":""},"categories":[302,439],"tags":[],"class_list":["post-100316","post","type-post","status-publish","format-standard","has-post-thumbnail","hentry","category-brasil-mundo","category-ultima-hora"],"_links":{"self":[{"href":"https:\/\/diarioregionaldigital.com.br\/index.php?rest_route=\/wp\/v2\/posts\/100316","targetHints":{"allow":["GET"]}}],"collection":[{"href":"https:\/\/diarioregionaldigital.com.br\/index.php?rest_route=\/wp\/v2\/posts"}],"about":[{"href":"https:\/\/diarioregionaldigital.com.br\/index.php?rest_route=\/wp\/v2\/types\/post"}],"author":[{"embeddable":true,"href":"https:\/\/diarioregionaldigital.com.br\/index.php?rest_route=\/wp\/v2\/users\/96"}],"replies":[{"embeddable":true,"href":"https:\/\/diarioregionaldigital.com.br\/index.php?rest_route=%2Fwp%2Fv2%2Fcomments&post=100316"}],"version-history":[{"count":0,"href":"https:\/\/diarioregionaldigital.com.br\/index.php?rest_route=\/wp\/v2\/posts\/100316\/revisions"}],"wp:featuredmedia":[{"embeddable":true,"href":"https:\/\/diarioregionaldigital.com.br\/index.php?rest_route=\/wp\/v2\/media\/100317"}],"wp:attachment":[{"href":"https:\/\/diarioregionaldigital.com.br\/index.php?rest_route=%2Fwp%2Fv2%2Fmedia&parent=100316"}],"wp:term":[{"taxonomy":"category","embeddable":true,"href":"https:\/\/diarioregionaldigital.com.br\/index.php?rest_route=%2Fwp%2Fv2%2Fcategories&post=100316"},{"taxonomy":"post_tag","embeddable":true,"href":"https:\/\/diarioregionaldigital.com.br\/index.php?rest_route=%2Fwp%2Fv2%2Ftags&post=100316"}],"curies":[{"name":"wp","href":"https:\/\/api.w.org\/{rel}","templated":true}]}}