{"id":100310,"date":"2018-05-12T09:20:13","date_gmt":"2018-05-12T12:20:13","guid":{"rendered":"http:\/\/diarioregionaljf.com.br\/?p=100310"},"modified":"2018-05-12T09:20:13","modified_gmt":"2018-05-12T12:20:13","slug":"vacinacao-contra-gripe-tera-hoje-65-mil-postos-em-todo-o-pais","status":"publish","type":"post","link":"https:\/\/diarioregionaldigital.com.br\/?p=100310","title":{"rendered":"Vacina\u00e7\u00e3o contra gripe ter\u00e1 hoje 65 mil postos em todo o pa\u00eds"},"content":{"rendered":"<p>Sessenta e cinco mil postos de sa\u00fade em todo o pa\u00eds abrem as portas nessa s\u00e1bado, 12, para a vacina\u00e7\u00e3o contra a gripe. No chamado Dia D de mobiliza\u00e7\u00e3o nacional, 37 mil postos de sa\u00fade de rotina e 28 mil unidades volantes estar\u00e3o funcionando. A expectativa do Minist\u00e9rio da Sa\u00fade \u00e9 vacinar 54,4 milh\u00f5es de pessoas at\u00e9 1\u00ba de junho.<\/p>\n<p>Devem receber a dose crian\u00e7as de 6 meses a menores de 5 anos, idosos a partir de 60 anos, trabalhadores da sa\u00fade, professores das redes p\u00fablica e privada, povos ind\u00edgenas, gestantes, pu\u00e9rperas (at\u00e9 45 dias ap\u00f3s o parto), pessoas privadas de liberdade e funcion\u00e1rios do sistema prisional.<\/p>\n<p>Pessoas com doen\u00e7as cr\u00f4nicas e outras condi\u00e7\u00f5es cl\u00ednicas especiais tamb\u00e9m devem ser imunizadas. Neste caso, \u00e9 preciso apresentar uma prescri\u00e7\u00e3o m\u00e9dica no ato da vacina\u00e7\u00e3o.<\/p>\n<p>Pacientes cadastrados em programas de controle de doen\u00e7as cr\u00f4nicas do Sistema \u00danico de Sa\u00fade (SUS) devem procurar os postos em que est\u00e3o registrados para receber a dose, sem necessidade de prescri\u00e7\u00e3o m\u00e9dica.<\/p>\n<p>A escolha dos grupos priorit\u00e1rios segue recomenda\u00e7\u00e3o da Organiza\u00e7\u00e3o Mundial da Sa\u00fade (OMS). A defini\u00e7\u00e3o, segundo o governo federal, tamb\u00e9m \u00e9 respaldada por estudos epidemiol\u00f3gicos e pela observa\u00e7\u00e3o do comportamento de infec\u00e7\u00f5es respirat\u00f3rias, que t\u00eam como principal agente os v\u00edrus da gripe. S\u00e3o priorizados os grupos mais suscet\u00edveis ao agravamento de doen\u00e7as respirat\u00f3rias.<\/p>\n<h2><strong>A vacina<\/strong><\/h2>\n<p>O Minist\u00e9rio da Sa\u00fade informou que a vacina contra a gripe \u00e9 segura e reduz complica\u00e7\u00f5es que podem provocar casos graves da doen\u00e7a, interna\u00e7\u00f5es e \u00f3bitos.<\/p>\n<p>Estudos demonstram que a imuniza\u00e7\u00e3o pode reduzir entre 32% a 45% o n\u00famero de hospitaliza\u00e7\u00f5es por pneumonias, de 39% a 75% a mortalidade global e em aproximadamente 50% das doen\u00e7as relacionadas \u00e0 gripe Influenza.<\/p>\n<p>A dose utilizada na rede p\u00fablica de sa\u00fade protege contra os tr\u00eas subtipos do v\u00edrus da gripe que mais circularam no Hemisf\u00e9rio Sul ao longo do \u00faltimo ano, conforme determina\u00e7\u00e3o da OMS, incluindo o H1N1 e o H3N2.<\/p>\n<h2><strong>Rea\u00e7\u00f5es adversas<\/strong><\/h2>\n<p>Ainda de acordo com o minist\u00e9rio, ap\u00f3s a aplica\u00e7\u00e3o da dose, podem ocorrer, de forma rara, dor, vermelhid\u00e3o e endurecimento no local da inje\u00e7\u00e3o. As manifesta\u00e7\u00f5es s\u00e3o consideradas benignas e os efeitos costumam passar em 48 horas.<\/p>\n<p>A vacina da gripe \u00e9 contraindicada para pessoas com hist\u00f3rico de rea\u00e7\u00e3o anafil\u00e1tica pr\u00e9via em doses anteriores ou para pessoas que tenham alergia grave relacionada a ovo de galinha e seus derivados. \u00c9 importante procurar o m\u00e9dico para mais orienta\u00e7\u00f5es.<\/p>\n<h2><strong>Prote\u00e7\u00e3o contra a gripe<\/strong><\/h2>\n<p>O Minist\u00e9rio da Sa\u00fade alerta que a imuniza\u00e7\u00e3o antecipada \u00e9 importante para garantir prote\u00e7\u00e3o contra a gripe antes que as temperaturas comecem a cair \u2013per\u00edodo de maior circula\u00e7\u00e3o do v\u00edrus.<\/p>\n<p>Ele recomenda ainda que a popula\u00e7\u00e3o adote cuidados simples, como lavar as m\u00e3os v\u00e1rias vezes ao dia; cobrir o nariz e a boca ao tossir e espirrar; evitar tocar o rosto; n\u00e3o compartilhar objetos de uso pessoal; e evitar locais com aglomera\u00e7\u00e3o de pessoas.<\/p>\n<p>Fonte: Ag\u00eancia Brasil<\/p>\n","protected":false},"excerpt":{"rendered":"<p>Sessenta e cinco mil postos de sa\u00fade em todo o pa\u00eds abrem as portas nessa s\u00e1bado, 12, para a vacina\u00e7\u00e3o contra a gripe. No chamado Dia D de mobiliza\u00e7\u00e3o nacional, 37 mil postos de sa\u00fade de rotina e 28 mil unidades volantes estar\u00e3o funcionando. A expectativa do Minist\u00e9rio da Sa\u00fade \u00e9 vacinar 54,4 milh\u00f5es de [&hellip;]<\/p>\n","protected":false},"author":96,"featured_media":100311,"comment_status":"closed","ping_status":"closed","sticky":false,"template":"","format":"standard","meta":{"footnotes":""},"categories":[302,436,439],"tags":[],"class_list":["post-100310","post","type-post","status-publish","format-standard","has-post-thumbnail","hentry","category-brasil-mundo","category-destaque-da-semana","category-ultima-hora"],"_links":{"self":[{"href":"https:\/\/diarioregionaldigital.com.br\/index.php?rest_route=\/wp\/v2\/posts\/100310","targetHints":{"allow":["GET"]}}],"collection":[{"href":"https:\/\/diarioregionaldigital.com.br\/index.php?rest_route=\/wp\/v2\/posts"}],"about":[{"href":"https:\/\/diarioregionaldigital.com.br\/index.php?rest_route=\/wp\/v2\/types\/post"}],"author":[{"embeddable":true,"href":"https:\/\/diarioregionaldigital.com.br\/index.php?rest_route=\/wp\/v2\/users\/96"}],"replies":[{"embeddable":true,"href":"https:\/\/diarioregionaldigital.com.br\/index.php?rest_route=%2Fwp%2Fv2%2Fcomments&post=100310"}],"version-history":[{"count":0,"href":"https:\/\/diarioregionaldigital.com.br\/index.php?rest_route=\/wp\/v2\/posts\/100310\/revisions"}],"wp:featuredmedia":[{"embeddable":true,"href":"https:\/\/diarioregionaldigital.com.br\/index.php?rest_route=\/wp\/v2\/media\/100311"}],"wp:attachment":[{"href":"https:\/\/diarioregionaldigital.com.br\/index.php?rest_route=%2Fwp%2Fv2%2Fmedia&parent=100310"}],"wp:term":[{"taxonomy":"category","embeddable":true,"href":"https:\/\/diarioregionaldigital.com.br\/index.php?rest_route=%2Fwp%2Fv2%2Fcategories&post=100310"},{"taxonomy":"post_tag","embeddable":true,"href":"https:\/\/diarioregionaldigital.com.br\/index.php?rest_route=%2Fwp%2Fv2%2Ftags&post=100310"}],"curies":[{"name":"wp","href":"https:\/\/api.w.org\/{rel}","templated":true}]}}