{"id":100280,"date":"2018-05-13T06:00:30","date_gmt":"2018-05-13T09:00:30","guid":{"rendered":"http:\/\/diarioregionaljf.com.br\/?p=100280"},"modified":"2018-08-13T20:29:07","modified_gmt":"2018-08-13T23:29:07","slug":"edital-de-convocacao-condominio-solar-rei-alberto-13-05-18","status":"publish","type":"post","link":"https:\/\/diarioregionaldigital.com.br\/?p=100280","title":{"rendered":"Edital De Convoca\u00e7\u00e3o &#8211; Condominio Solar Rei Alberto 13\/05\/18"},"content":{"rendered":"<p style=\"text-align: center;\"><span style=\"font-size: 14pt;\"><strong>CONDOM\u00cdNIO EDIF\u00cdCIO SOLAR REI ALBERTO\u00a0 &#8211;\u00a0<\/strong><strong>Rua Santo Antonio,1.465 \u2013 Centro &#8211; Juiz de Fora &#8211; MG<\/strong><\/span><\/p>\n<p><strong>CONVOCA\u00c7\u00c3O\u00a0 \u00a0 \u00a0 \u00a0 \u00a0 \u00a0 \u00a0 \u00a0 \u00a0 \u00a0 \u00a0 \u00a0 \u00a0 \u00a0 \u00a0 \u00a0 \u00a0 \u00a0 \u00a0 \u00a0 \u00a0 \u00a0 \u00a0 \u00a0 \u00a0 \u00a0 \u00a0 \u00a0 \u00a0 \u00a0 \u00a0 \u00a0 \u00a0 \u00a0 \u00a0 \u00a0 \u00a0 \u00a0 \u00a0 \u00a0 \u00a0 \u00a0 \u00a0 \u00a0\u00a0<\/strong><\/p>\n<p>Convoco os Senhores e Senhoras, Cond\u00f4minos do Edif\u00edcio Solar Rei Alberto, para <strong>Assembleia Geral Ordin\u00e1ria<\/strong> que se realizar\u00e1 nas depend\u00eancias do edificio no dia <strong><u>21\/05\/2018<\/u>. <\/strong>A reuni\u00e3o ter\u00e1 seu inicio \u00e0s <strong>19h<\/strong> em primeira convoca\u00e7\u00e3o, com a maioria dos co-propriet\u00e1rios ou, \u00e0s <strong>19h30m<\/strong> em segunda convoca\u00e7\u00e3o com qualquer n\u00famero, para deliberarmos sobre o seguinte item da ordem do dia:<\/p>\n<ul>\n<li>Presta\u00e7\u00e3o de Contas;<\/li>\n<li>Elei\u00e7\u00e3o de S\u00edndico, Subs\u00edndico e Conselho;<\/li>\n<li>Assuntos Gerais.<\/li>\n<\/ul>\n<p style=\"text-align: center;\">Juiz de Fora, 10 de Maio de 2018.<\/p>\n<p style=\"text-align: center;\"><strong>Marco Antonio Mello Buzinari<\/strong><\/p>\n<p style=\"text-align: center;\"><strong>S\u00edndico<\/strong><\/p>\n<p><strong>OBSERVA\u00c7\u00d5ES:<\/strong><\/p>\n<ul>\n<li>\u00c9 l\u00edcito aos cond\u00f4minos se fazerem representar na Assembl\u00e9ia ora convocada por procurador, munido com procura\u00e7\u00e3o espec\u00edfica;<\/li>\n<li>A aus\u00eancia dos cond\u00f4minos implica na concord\u00e2ncia aos assuntos que forem tratados e deliberados;<\/li>\n<li>Os cond\u00f4minos em atraso nos pagamentos de suas taxas condominiais n\u00e3o poder\u00e3o votar nas delibera\u00e7\u00f5es.<\/li>\n<\/ul>\n<p>&nbsp;<\/p>\n","protected":false},"excerpt":{"rendered":"<p>CONDOM\u00cdNIO EDIF\u00cdCIO SOLAR REI ALBERTO\u00a0 &#8211;\u00a0Rua Santo Antonio,1.465 \u2013 Centro &#8211; Juiz de Fora &#8211; MG CONVOCA\u00c7\u00c3O\u00a0 \u00a0 \u00a0 \u00a0 \u00a0 \u00a0 \u00a0 \u00a0 \u00a0 \u00a0 \u00a0 \u00a0 \u00a0 \u00a0 \u00a0 \u00a0 \u00a0 \u00a0 \u00a0 \u00a0 \u00a0 \u00a0 \u00a0 \u00a0 \u00a0 \u00a0 \u00a0 \u00a0 \u00a0 \u00a0 \u00a0 \u00a0 \u00a0 \u00a0 \u00a0 \u00a0 \u00a0 \u00a0 \u00a0 [&hellip;]<\/p>\n","protected":false},"author":96,"featured_media":0,"comment_status":"closed","ping_status":"closed","sticky":false,"template":"","format":"standard","meta":{"footnotes":""},"categories":[307],"tags":[],"class_list":["post-100280","post","type-post","status-publish","format-standard","hentry","category-editais"],"_links":{"self":[{"href":"https:\/\/diarioregionaldigital.com.br\/index.php?rest_route=\/wp\/v2\/posts\/100280","targetHints":{"allow":["GET"]}}],"collection":[{"href":"https:\/\/diarioregionaldigital.com.br\/index.php?rest_route=\/wp\/v2\/posts"}],"about":[{"href":"https:\/\/diarioregionaldigital.com.br\/index.php?rest_route=\/wp\/v2\/types\/post"}],"author":[{"embeddable":true,"href":"https:\/\/diarioregionaldigital.com.br\/index.php?rest_route=\/wp\/v2\/users\/96"}],"replies":[{"embeddable":true,"href":"https:\/\/diarioregionaldigital.com.br\/index.php?rest_route=%2Fwp%2Fv2%2Fcomments&post=100280"}],"version-history":[{"count":0,"href":"https:\/\/diarioregionaldigital.com.br\/index.php?rest_route=\/wp\/v2\/posts\/100280\/revisions"}],"wp:attachment":[{"href":"https:\/\/diarioregionaldigital.com.br\/index.php?rest_route=%2Fwp%2Fv2%2Fmedia&parent=100280"}],"wp:term":[{"taxonomy":"category","embeddable":true,"href":"https:\/\/diarioregionaldigital.com.br\/index.php?rest_route=%2Fwp%2Fv2%2Fcategories&post=100280"},{"taxonomy":"post_tag","embeddable":true,"href":"https:\/\/diarioregionaldigital.com.br\/index.php?rest_route=%2Fwp%2Fv2%2Ftags&post=100280"}],"curies":[{"name":"wp","href":"https:\/\/api.w.org\/{rel}","templated":true}]}}