{"id":100278,"date":"2018-05-13T06:00:54","date_gmt":"2018-05-13T09:00:54","guid":{"rendered":"http:\/\/diarioregionaljf.com.br\/?p=100278"},"modified":"2018-05-12T15:58:41","modified_gmt":"2018-05-12T18:58:41","slug":"rua-sao-joao-do-tamanho-do-coracao-de-mae","status":"publish","type":"post","link":"https:\/\/diarioregionaldigital.com.br\/?p=100278","title":{"rendered":"&#8220;Rua S\u00e3o Jo\u00e3o &#8211; Do Tamanho do Cora\u00e7\u00e3o de M\u00e3e&#8221;"},"content":{"rendered":"<p style=\"text-align: center;\"><span style=\"font-size: 18pt;\"><strong>\u201cRua S\u00e3o Jo\u00e3o &#8211; Do Tamanho do Cora\u00e7\u00e3o de m\u00e3e\u201d<\/strong><\/span><\/p>\n<p style=\"text-align: center;\">Teve in\u00edcio na \u00faltima quinta-feira, 10, o evento \u201cRua S\u00e3o Jo\u00e3o &#8211; Do tamanho do cora\u00e7\u00e3o de m\u00e3e\u201d, que \u00e9 uma homenagem dos lojistas da rua ao dia das m\u00e3es. A iniciativa da Associa\u00e7\u00e3o de Lojistas da Rua S\u00e3o Jo\u00e3o, contou com o apoio da R\u00e1dio Premium FM que esteve no local durante todo o dia com estande promocional do Premium FM Festival, e um palco onde se apresentaram diversos cantores da cidade e regi\u00e3o.<br \/>\nA programa\u00e7\u00e3o do palco da Premium FM abre espa\u00e7o para os talentos de Juiz de Fora, assim como para os m\u00fasicos que est\u00e3o participando do Festival Premium FM, evento voltado para valorizar bandas autorais da cidade. O evento contou ainda com feira gastron\u00f4mica, cervejarias e artesanato.<br \/>\nAs fotos registram um pouco do que foi o evento, confira!<\/p>\n<p><img loading=\"lazy\" decoding=\"async\" class=\"wp-image-100290 aligncenter\" src=\"http:\/\/diarioregionaljf.com.br\/wp-content\/uploads\/2018\/05\/01-3.jpg\" alt=\"\" width=\"680\" height=\"453\" srcset=\"https:\/\/diarioregionaldigital.com.br\/wp-content\/uploads\/2018\/05\/01-3.jpg 1944w, https:\/\/diarioregionaldigital.com.br\/wp-content\/uploads\/2018\/05\/01-3-300x200.jpg 300w, https:\/\/diarioregionaldigital.com.br\/wp-content\/uploads\/2018\/05\/01-3-768x512.jpg 768w, https:\/\/diarioregionaldigital.com.br\/wp-content\/uploads\/2018\/05\/01-3-1024x683.jpg 1024w, https:\/\/diarioregionaldigital.com.br\/wp-content\/uploads\/2018\/05\/01-3-360x240.jpg 360w\" sizes=\"auto, (max-width: 680px) 100vw, 680px\" \/><\/p>\n<p><img loading=\"lazy\" decoding=\"async\" class=\"aligncenter wp-image-100370\" src=\"http:\/\/diarioregionaljf.com.br\/wp-content\/uploads\/2018\/05\/03.jpg\" alt=\"\" width=\"680\" height=\"453\" srcset=\"https:\/\/diarioregionaldigital.com.br\/wp-content\/uploads\/2018\/05\/03.jpg 800w, https:\/\/diarioregionaldigital.com.br\/wp-content\/uploads\/2018\/05\/03-300x200.jpg 300w, https:\/\/diarioregionaldigital.com.br\/wp-content\/uploads\/2018\/05\/03-768x512.jpg 768w, https:\/\/diarioregionaldigital.com.br\/wp-content\/uploads\/2018\/05\/03-360x240.jpg 360w\" sizes=\"auto, (max-width: 680px) 100vw, 680px\" \/><\/p>\n<p><img loading=\"lazy\" decoding=\"async\" class=\"aligncenter wp-image-100380\" src=\"http:\/\/diarioregionaljf.com.br\/wp-content\/uploads\/2018\/05\/RAFAELA-FRUTUOSO-175-1.jpg\" alt=\"\" width=\"680\" height=\"453\" srcset=\"https:\/\/diarioregionaldigital.com.br\/wp-content\/uploads\/2018\/05\/RAFAELA-FRUTUOSO-175-1.jpg 800w, https:\/\/diarioregionaldigital.com.br\/wp-content\/uploads\/2018\/05\/RAFAELA-FRUTUOSO-175-1-300x200.jpg 300w, https:\/\/diarioregionaldigital.com.br\/wp-content\/uploads\/2018\/05\/RAFAELA-FRUTUOSO-175-1-768x512.jpg 768w, https:\/\/diarioregionaldigital.com.br\/wp-content\/uploads\/2018\/05\/RAFAELA-FRUTUOSO-175-1-360x240.jpg 360w\" sizes=\"auto, (max-width: 680px) 100vw, 680px\" \/><\/p>\n<p><img loading=\"lazy\" decoding=\"async\" class=\"aligncenter wp-image-100379\" src=\"http:\/\/diarioregionaljf.com.br\/wp-content\/uploads\/2018\/05\/RAFAELA-FRUTUOSO-190.jpg\" alt=\"\" width=\"680\" height=\"453\" srcset=\"https:\/\/diarioregionaldigital.com.br\/wp-content\/uploads\/2018\/05\/RAFAELA-FRUTUOSO-190.jpg 800w, https:\/\/diarioregionaldigital.com.br\/wp-content\/uploads\/2018\/05\/RAFAELA-FRUTUOSO-190-300x200.jpg 300w, https:\/\/diarioregionaldigital.com.br\/wp-content\/uploads\/2018\/05\/RAFAELA-FRUTUOSO-190-768x512.jpg 768w, https:\/\/diarioregionaldigital.com.br\/wp-content\/uploads\/2018\/05\/RAFAELA-FRUTUOSO-190-360x240.jpg 360w\" sizes=\"auto, (max-width: 680px) 100vw, 680px\" \/><\/p>\n<p><img loading=\"lazy\" decoding=\"async\" class=\"aligncenter wp-image-100369\" src=\"http:\/\/diarioregionaljf.com.br\/wp-content\/uploads\/2018\/05\/02-1.jpg\" alt=\"\" width=\"680\" height=\"453\" srcset=\"https:\/\/diarioregionaldigital.com.br\/wp-content\/uploads\/2018\/05\/02-1.jpg 800w, https:\/\/diarioregionaldigital.com.br\/wp-content\/uploads\/2018\/05\/02-1-300x200.jpg 300w, https:\/\/diarioregionaldigital.com.br\/wp-content\/uploads\/2018\/05\/02-1-768x512.jpg 768w, https:\/\/diarioregionaldigital.com.br\/wp-content\/uploads\/2018\/05\/02-1-360x240.jpg 360w\" sizes=\"auto, (max-width: 680px) 100vw, 680px\" \/><\/p>\n<p><img loading=\"lazy\" decoding=\"async\" class=\"aligncenter wp-image-100371\" src=\"http:\/\/diarioregionaljf.com.br\/wp-content\/uploads\/2018\/05\/04.jpg\" alt=\"\" width=\"680\" height=\"453\" srcset=\"https:\/\/diarioregionaldigital.com.br\/wp-content\/uploads\/2018\/05\/04.jpg 800w, https:\/\/diarioregionaldigital.com.br\/wp-content\/uploads\/2018\/05\/04-300x200.jpg 300w, https:\/\/diarioregionaldigital.com.br\/wp-content\/uploads\/2018\/05\/04-768x512.jpg 768w, https:\/\/diarioregionaldigital.com.br\/wp-content\/uploads\/2018\/05\/04-360x240.jpg 360w\" sizes=\"auto, (max-width: 680px) 100vw, 680px\" \/><\/p>\n<p><img loading=\"lazy\" decoding=\"async\" class=\"aligncenter wp-image-100375\" src=\"http:\/\/diarioregionaljf.com.br\/wp-content\/uploads\/2018\/05\/10.jpg\" alt=\"\" width=\"680\" height=\"453\" srcset=\"https:\/\/diarioregionaldigital.com.br\/wp-content\/uploads\/2018\/05\/10.jpg 800w, https:\/\/diarioregionaldigital.com.br\/wp-content\/uploads\/2018\/05\/10-300x200.jpg 300w, https:\/\/diarioregionaldigital.com.br\/wp-content\/uploads\/2018\/05\/10-768x512.jpg 768w, https:\/\/diarioregionaldigital.com.br\/wp-content\/uploads\/2018\/05\/10-360x240.jpg 360w\" sizes=\"auto, (max-width: 680px) 100vw, 680px\" \/><\/p>\n<p><img loading=\"lazy\" decoding=\"async\" class=\"aligncenter wp-image-100373\" src=\"http:\/\/diarioregionaljf.com.br\/wp-content\/uploads\/2018\/05\/06.jpg\" alt=\"\" width=\"680\" height=\"453\" srcset=\"https:\/\/diarioregionaldigital.com.br\/wp-content\/uploads\/2018\/05\/06.jpg 800w, https:\/\/diarioregionaldigital.com.br\/wp-content\/uploads\/2018\/05\/06-300x200.jpg 300w, https:\/\/diarioregionaldigital.com.br\/wp-content\/uploads\/2018\/05\/06-768x512.jpg 768w, https:\/\/diarioregionaldigital.com.br\/wp-content\/uploads\/2018\/05\/06-360x240.jpg 360w\" sizes=\"auto, (max-width: 680px) 100vw, 680px\" \/><\/p>\n<p><img loading=\"lazy\" decoding=\"async\" class=\"aligncenter wp-image-100377\" src=\"http:\/\/diarioregionaljf.com.br\/wp-content\/uploads\/2018\/05\/RAFAELA-FRUTUOSO-152.jpg\" alt=\"\" width=\"680\" height=\"453\" srcset=\"https:\/\/diarioregionaldigital.com.br\/wp-content\/uploads\/2018\/05\/RAFAELA-FRUTUOSO-152.jpg 800w, https:\/\/diarioregionaldigital.com.br\/wp-content\/uploads\/2018\/05\/RAFAELA-FRUTUOSO-152-300x200.jpg 300w, https:\/\/diarioregionaldigital.com.br\/wp-content\/uploads\/2018\/05\/RAFAELA-FRUTUOSO-152-768x512.jpg 768w, https:\/\/diarioregionaldigital.com.br\/wp-content\/uploads\/2018\/05\/RAFAELA-FRUTUOSO-152-360x240.jpg 360w\" sizes=\"auto, (max-width: 680px) 100vw, 680px\" \/><\/p>\n<p><img loading=\"lazy\" decoding=\"async\" class=\"aligncenter wp-image-100376\" src=\"http:\/\/diarioregionaljf.com.br\/wp-content\/uploads\/2018\/05\/11.jpg\" alt=\"\" width=\"680\" height=\"453\" srcset=\"https:\/\/diarioregionaldigital.com.br\/wp-content\/uploads\/2018\/05\/11.jpg 800w, https:\/\/diarioregionaldigital.com.br\/wp-content\/uploads\/2018\/05\/11-300x200.jpg 300w, https:\/\/diarioregionaldigital.com.br\/wp-content\/uploads\/2018\/05\/11-768x512.jpg 768w, https:\/\/diarioregionaldigital.com.br\/wp-content\/uploads\/2018\/05\/11-360x240.jpg 360w\" sizes=\"auto, (max-width: 680px) 100vw, 680px\" \/><\/p>\n<p><img loading=\"lazy\" decoding=\"async\" class=\"aligncenter wp-image-100374\" src=\"http:\/\/diarioregionaljf.com.br\/wp-content\/uploads\/2018\/05\/07.jpg\" alt=\"\" width=\"680\" height=\"453\" srcset=\"https:\/\/diarioregionaldigital.com.br\/wp-content\/uploads\/2018\/05\/07.jpg 800w, https:\/\/diarioregionaldigital.com.br\/wp-content\/uploads\/2018\/05\/07-300x200.jpg 300w, https:\/\/diarioregionaldigital.com.br\/wp-content\/uploads\/2018\/05\/07-768x512.jpg 768w, https:\/\/diarioregionaldigital.com.br\/wp-content\/uploads\/2018\/05\/07-360x240.jpg 360w\" sizes=\"auto, (max-width: 680px) 100vw, 680px\" \/><\/p>\n<p><img loading=\"lazy\" decoding=\"async\" class=\"aligncenter wp-image-100372\" src=\"http:\/\/diarioregionaljf.com.br\/wp-content\/uploads\/2018\/05\/05.jpg\" alt=\"\" width=\"680\" height=\"453\" srcset=\"https:\/\/diarioregionaldigital.com.br\/wp-content\/uploads\/2018\/05\/05.jpg 800w, https:\/\/diarioregionaldigital.com.br\/wp-content\/uploads\/2018\/05\/05-300x200.jpg 300w, https:\/\/diarioregionaldigital.com.br\/wp-content\/uploads\/2018\/05\/05-768x512.jpg 768w, https:\/\/diarioregionaldigital.com.br\/wp-content\/uploads\/2018\/05\/05-360x240.jpg 360w\" sizes=\"auto, (max-width: 680px) 100vw, 680px\" \/><\/p>\n","protected":false},"excerpt":{"rendered":"<p>\u201cRua S\u00e3o Jo\u00e3o &#8211; Do Tamanho do Cora\u00e7\u00e3o de m\u00e3e\u201d Teve in\u00edcio na \u00faltima quinta-feira, 10, o evento \u201cRua S\u00e3o Jo\u00e3o &#8211; Do tamanho do cora\u00e7\u00e3o de m\u00e3e\u201d, que \u00e9 uma homenagem dos lojistas da rua ao dia das m\u00e3es. A iniciativa da Associa\u00e7\u00e3o de Lojistas da Rua S\u00e3o Jo\u00e3o, contou com o apoio da [&hellip;]<\/p>\n","protected":false},"author":96,"featured_media":100290,"comment_status":"closed","ping_status":"closed","sticky":false,"template":"","format":"standard","meta":{"footnotes":""},"categories":[304],"tags":[],"class_list":["post-100278","post","type-post","status-publish","format-standard","has-post-thumbnail","hentry","category-network"],"_links":{"self":[{"href":"https:\/\/diarioregionaldigital.com.br\/index.php?rest_route=\/wp\/v2\/posts\/100278","targetHints":{"allow":["GET"]}}],"collection":[{"href":"https:\/\/diarioregionaldigital.com.br\/index.php?rest_route=\/wp\/v2\/posts"}],"about":[{"href":"https:\/\/diarioregionaldigital.com.br\/index.php?rest_route=\/wp\/v2\/types\/post"}],"author":[{"embeddable":true,"href":"https:\/\/diarioregionaldigital.com.br\/index.php?rest_route=\/wp\/v2\/users\/96"}],"replies":[{"embeddable":true,"href":"https:\/\/diarioregionaldigital.com.br\/index.php?rest_route=%2Fwp%2Fv2%2Fcomments&post=100278"}],"version-history":[{"count":0,"href":"https:\/\/diarioregionaldigital.com.br\/index.php?rest_route=\/wp\/v2\/posts\/100278\/revisions"}],"wp:featuredmedia":[{"embeddable":true,"href":"https:\/\/diarioregionaldigital.com.br\/index.php?rest_route=\/wp\/v2\/media\/100290"}],"wp:attachment":[{"href":"https:\/\/diarioregionaldigital.com.br\/index.php?rest_route=%2Fwp%2Fv2%2Fmedia&parent=100278"}],"wp:term":[{"taxonomy":"category","embeddable":true,"href":"https:\/\/diarioregionaldigital.com.br\/index.php?rest_route=%2Fwp%2Fv2%2Fcategories&post=100278"},{"taxonomy":"post_tag","embeddable":true,"href":"https:\/\/diarioregionaldigital.com.br\/index.php?rest_route=%2Fwp%2Fv2%2Ftags&post=100278"}],"curies":[{"name":"wp","href":"https:\/\/api.w.org\/{rel}","templated":true}]}}