{"id":100266,"date":"2018-05-13T06:00:13","date_gmt":"2018-05-13T09:00:13","guid":{"rendered":"http:\/\/diarioregionaljf.com.br\/?p=100266"},"modified":"2018-05-11T21:00:11","modified_gmt":"2018-05-12T00:00:11","slug":"100266","status":"publish","type":"post","link":"https:\/\/diarioregionaldigital.com.br\/?p=100266","title":{"rendered":"Dia das M\u00e3es"},"content":{"rendered":"<p style=\"text-align: center;\"><strong>Sabad\u00e3o<\/strong><\/p>\n<p style=\"text-align: center;\">Agendado para o dia 2 de junho o super evento Nepop\u00f3 Night Club!!!. Em cena a festa da XIII Edi\u00e7\u00e3o do Festival de Teatro de S\u00e3o Jo\u00e3o Nepomuceno. O cen\u00e1rio ser\u00e1 na sede social do Trombeteiros e com o som pop reggae do Raastr Roots.<\/p>\n<p style=\"text-align: center;\"><strong>Ele Merece<\/strong><\/p>\n<p style=\"text-align: center;\">Muito elogiado, o vereador Adriano Miranda foi foco do Pastor Marcos Rog\u00e9rio enaltecendo o trabalho do m\u00e9dico e pol\u00edtico no apoio \u00e0s iniciativas sociais na A\u00e7\u00e3o Solid\u00e1ria da Igreja Adventista no bairro Valadares.<\/p>\n<p style=\"text-align: center;\"><strong>Cinemascope<\/strong><\/p>\n<p style=\"text-align: center;\">O Festival Varilux de Cinema Franc\u00eas vai aterrissar mais uma vez em Juiz de Fora. Com filmes da edi\u00e7\u00e3o 2018, os amantes da s\u00e9tima arte poder\u00e3o assistir os longas a partir de 7 de junho no Cine Minas Juiz de Fora e UCI Kinoplex Independ\u00eancia.<\/p>\n<p style=\"text-align: center;\"><strong>Festival de Bolso<\/strong><\/p>\n<p style=\"text-align: center;\">O calend\u00e1rio aponta para o domingo, 20, o Festival de Bolso organizado por Caetano Brasil que celebra um ano do projeto M\u00e3o na Roda. O objetivo \u00e9 provocar o encontro de gera\u00e7\u00f5es no cen\u00e1rio da Casa de Cultura na UFJF.<\/p>\n<p style=\"text-align: center;\"><span style=\"font-size: 18pt;\"><strong>Dia das M\u00e3es<\/strong><\/span><\/p>\n<p style=\"text-align: center;\">Abrindo as comemora\u00e7\u00f5es do Dia das M\u00e3es no domingo 13 de maio, demos voz a v\u00e1rias mulheres que, de alguma forma, foram tocadas pela maternidade em scripts inacredit\u00e1veis com que a vida as surpreendeu&#8230; O amor pelos filhos. Em fotos especiais algumas mulheres s\u00e3o destaque hoje mostrando o empoderamento deste s\u00e9culo. Confiram.<\/p>\n<div id=\"attachment_100155\" style=\"width: 690px\" class=\"wp-caption aligncenter\"><img loading=\"lazy\" decoding=\"async\" aria-describedby=\"caption-attachment-100155\" class=\"wp-image-100155\" src=\"http:\/\/diarioregionaljf.com.br\/wp-content\/uploads\/2018\/05\/fotoa-7.jpg\" alt=\"\" width=\"680\" height=\"504\" srcset=\"https:\/\/diarioregionaldigital.com.br\/wp-content\/uploads\/2018\/05\/fotoa-7.jpg 3245w, https:\/\/diarioregionaldigital.com.br\/wp-content\/uploads\/2018\/05\/fotoa-7-300x222.jpg 300w, https:\/\/diarioregionaldigital.com.br\/wp-content\/uploads\/2018\/05\/fotoa-7-768x569.jpg 768w, https:\/\/diarioregionaldigital.com.br\/wp-content\/uploads\/2018\/05\/fotoa-7-1024x758.jpg 1024w, https:\/\/diarioregionaldigital.com.br\/wp-content\/uploads\/2018\/05\/fotoa-7-360x267.jpg 360w\" sizes=\"auto, (max-width: 680px) 100vw, 680px\" \/><p id=\"caption-attachment-100155\" class=\"wp-caption-text\">A bonita mam\u00e3e MultSa\u00fade Marcelle Oliveira com os filhos, F\u00e1bio J\u00fanior e Ana Carolina<\/p><\/div>\n<div id=\"attachment_100159\" style=\"width: 690px\" class=\"wp-caption aligncenter\"><img loading=\"lazy\" decoding=\"async\" aria-describedby=\"caption-attachment-100159\" class=\"wp-image-100159\" src=\"http:\/\/diarioregionaljf.com.br\/wp-content\/uploads\/2018\/05\/fotodd.jpg\" alt=\"\" width=\"680\" height=\"510\" srcset=\"https:\/\/diarioregionaldigital.com.br\/wp-content\/uploads\/2018\/05\/fotodd.jpg 960w, https:\/\/diarioregionaldigital.com.br\/wp-content\/uploads\/2018\/05\/fotodd-300x225.jpg 300w, https:\/\/diarioregionaldigital.com.br\/wp-content\/uploads\/2018\/05\/fotodd-768x576.jpg 768w, https:\/\/diarioregionaldigital.com.br\/wp-content\/uploads\/2018\/05\/fotodd-360x270.jpg 360w\" sizes=\"auto, (max-width: 680px) 100vw, 680px\" \/><p id=\"caption-attachment-100159\" class=\"wp-caption-text\">A rainha m\u00e3e Ivanir Ferreira com os filhos Regina e CA Ferreira<\/p><\/div>\n<div id=\"attachment_100160\" style=\"width: 690px\" class=\"wp-caption aligncenter\"><img loading=\"lazy\" decoding=\"async\" aria-describedby=\"caption-attachment-100160\" class=\"wp-image-100160\" src=\"http:\/\/diarioregionaljf.com.br\/wp-content\/uploads\/2018\/05\/fotoe-4.jpg\" alt=\"\" width=\"680\" height=\"539\" srcset=\"https:\/\/diarioregionaldigital.com.br\/wp-content\/uploads\/2018\/05\/fotoe-4.jpg 3081w, https:\/\/diarioregionaldigital.com.br\/wp-content\/uploads\/2018\/05\/fotoe-4-300x238.jpg 300w, https:\/\/diarioregionaldigital.com.br\/wp-content\/uploads\/2018\/05\/fotoe-4-768x609.jpg 768w, https:\/\/diarioregionaldigital.com.br\/wp-content\/uploads\/2018\/05\/fotoe-4-1024x812.jpg 1024w, https:\/\/diarioregionaldigital.com.br\/wp-content\/uploads\/2018\/05\/fotoe-4-360x286.jpg 360w\" sizes=\"auto, (max-width: 680px) 100vw, 680px\" \/><p id=\"caption-attachment-100160\" class=\"wp-caption-text\">Eduardo Gomes celebra as mam\u00e3es de ouro, Neuza Marsicano, Nequitz Miguel e Cecy Barbosa Campos<\/p><\/div>\n<div id=\"attachment_100161\" style=\"width: 690px\" class=\"wp-caption aligncenter\"><img loading=\"lazy\" decoding=\"async\" aria-describedby=\"caption-attachment-100161\" class=\"wp-image-100161\" src=\"http:\/\/diarioregionaljf.com.br\/wp-content\/uploads\/2018\/05\/fotoee.jpg\" alt=\"\" width=\"680\" height=\"485\" srcset=\"https:\/\/diarioregionaldigital.com.br\/wp-content\/uploads\/2018\/05\/fotoee.jpg 960w, https:\/\/diarioregionaldigital.com.br\/wp-content\/uploads\/2018\/05\/fotoee-300x214.jpg 300w, https:\/\/diarioregionaldigital.com.br\/wp-content\/uploads\/2018\/05\/fotoee-768x547.jpg 768w, https:\/\/diarioregionaldigital.com.br\/wp-content\/uploads\/2018\/05\/fotoee-360x257.jpg 360w, https:\/\/diarioregionaldigital.com.br\/wp-content\/uploads\/2018\/05\/fotoee-100x70.jpg 100w\" sizes=\"auto, (max-width: 680px) 100vw, 680px\" \/><p id=\"caption-attachment-100161\" class=\"wp-caption-text\">A linda mam\u00e3e Silvia Cruz com a m\u00e3e Lena Cruz, as filhas Sarah e Ana e o marido Matt Pierce<\/p><\/div>\n<div id=\"attachment_100156\" style=\"width: 690px\" class=\"wp-caption aligncenter\"><img loading=\"lazy\" decoding=\"async\" aria-describedby=\"caption-attachment-100156\" class=\"wp-image-100156\" src=\"http:\/\/diarioregionaljf.com.br\/wp-content\/uploads\/2018\/05\/fotoaa-3-e1526082380396.jpg\" alt=\"\" width=\"680\" height=\"786\" srcset=\"https:\/\/diarioregionaldigital.com.br\/wp-content\/uploads\/2018\/05\/fotoaa-3-e1526082380396.jpg 672w, https:\/\/diarioregionaldigital.com.br\/wp-content\/uploads\/2018\/05\/fotoaa-3-e1526082380396-259x300.jpg 259w, https:\/\/diarioregionaldigital.com.br\/wp-content\/uploads\/2018\/05\/fotoaa-3-e1526082380396-360x416.jpg 360w\" sizes=\"auto, (max-width: 680px) 100vw, 680px\" \/><p id=\"caption-attachment-100156\" class=\"wp-caption-text\">Duas lindas enfeitando o Dia das M\u00e3es, Rafaela Caruso Moreira e a filha Giulia<\/p><\/div>\n<div id=\"attachment_100166\" style=\"width: 690px\" class=\"wp-caption aligncenter\"><img loading=\"lazy\" decoding=\"async\" aria-describedby=\"caption-attachment-100166\" class=\"wp-image-100166\" src=\"http:\/\/diarioregionaljf.com.br\/wp-content\/uploads\/2018\/05\/fotol-3.jpg\" alt=\"\" width=\"680\" height=\"689\" srcset=\"https:\/\/diarioregionaldigital.com.br\/wp-content\/uploads\/2018\/05\/fotol-3.jpg 2359w, https:\/\/diarioregionaldigital.com.br\/wp-content\/uploads\/2018\/05\/fotol-3-296x300.jpg 296w, https:\/\/diarioregionaldigital.com.br\/wp-content\/uploads\/2018\/05\/fotol-3-768x778.jpg 768w, https:\/\/diarioregionaldigital.com.br\/wp-content\/uploads\/2018\/05\/fotol-3-1011x1024.jpg 1011w, https:\/\/diarioregionaldigital.com.br\/wp-content\/uploads\/2018\/05\/fotol-3-360x365.jpg 360w, https:\/\/diarioregionaldigital.com.br\/wp-content\/uploads\/2018\/05\/fotol-3-80x80.jpg 80w\" sizes=\"auto, (max-width: 680px) 100vw, 680px\" \/><p id=\"caption-attachment-100166\" class=\"wp-caption-text\">A super mam\u00e3e Dany Verpel recebendo o carinho do filho Breno Verpel<\/p><\/div>\n<div id=\"attachment_100167\" style=\"width: 690px\" class=\"wp-caption aligncenter\"><img loading=\"lazy\" decoding=\"async\" aria-describedby=\"caption-attachment-100167\" class=\"wp-image-100167\" src=\"http:\/\/diarioregionaljf.com.br\/wp-content\/uploads\/2018\/05\/fotom-2.jpg\" alt=\"\" width=\"680\" height=\"457\" srcset=\"https:\/\/diarioregionaldigital.com.br\/wp-content\/uploads\/2018\/05\/fotom-2.jpg 3559w, https:\/\/diarioregionaldigital.com.br\/wp-content\/uploads\/2018\/05\/fotom-2-300x201.jpg 300w, https:\/\/diarioregionaldigital.com.br\/wp-content\/uploads\/2018\/05\/fotom-2-768x516.jpg 768w, https:\/\/diarioregionaldigital.com.br\/wp-content\/uploads\/2018\/05\/fotom-2-1024x688.jpg 1024w, https:\/\/diarioregionaldigital.com.br\/wp-content\/uploads\/2018\/05\/fotom-2-360x242.jpg 360w\" sizes=\"auto, (max-width: 680px) 100vw, 680px\" \/><p id=\"caption-attachment-100167\" class=\"wp-caption-text\">A carinhosa mam\u00e3e Adriana Kelmer em momento ternura com o filho Wellington Kelmer<\/p><\/div>\n<div id=\"attachment_100184\" style=\"width: 690px\" class=\"wp-caption aligncenter\"><img loading=\"lazy\" decoding=\"async\" aria-describedby=\"caption-attachment-100184\" class=\"wp-image-100184\" src=\"http:\/\/diarioregionaljf.com.br\/wp-content\/uploads\/2018\/05\/fotog-7-e1526082324683.jpg\" alt=\"\" width=\"680\" height=\"619\" srcset=\"https:\/\/diarioregionaldigital.com.br\/wp-content\/uploads\/2018\/05\/fotog-7-e1526082324683.jpg 1558w, https:\/\/diarioregionaldigital.com.br\/wp-content\/uploads\/2018\/05\/fotog-7-e1526082324683-300x273.jpg 300w, https:\/\/diarioregionaldigital.com.br\/wp-content\/uploads\/2018\/05\/fotog-7-e1526082324683-768x699.jpg 768w, https:\/\/diarioregionaldigital.com.br\/wp-content\/uploads\/2018\/05\/fotog-7-e1526082324683-1024x932.jpg 1024w, https:\/\/diarioregionaldigital.com.br\/wp-content\/uploads\/2018\/05\/fotog-7-e1526082324683-360x328.jpg 360w\" sizes=\"auto, (max-width: 680px) 100vw, 680px\" \/><p id=\"caption-attachment-100184\" class=\"wp-caption-text\">As mais queridas mam\u00e3es, Jacqueline Vianna e Alda Salom\u00e3o de Campos<\/p><\/div>\n<div id=\"attachment_100195\" style=\"width: 690px\" class=\"wp-caption aligncenter\"><img loading=\"lazy\" decoding=\"async\" aria-describedby=\"caption-attachment-100195\" class=\"wp-image-100195\" src=\"http:\/\/diarioregionaljf.com.br\/wp-content\/uploads\/2018\/05\/fotocc-3.jpg\" alt=\"\" width=\"680\" height=\"612\" srcset=\"https:\/\/diarioregionaldigital.com.br\/wp-content\/uploads\/2018\/05\/fotocc-3.jpg 960w, https:\/\/diarioregionaldigital.com.br\/wp-content\/uploads\/2018\/05\/fotocc-3-300x270.jpg 300w, https:\/\/diarioregionaldigital.com.br\/wp-content\/uploads\/2018\/05\/fotocc-3-768x691.jpg 768w, https:\/\/diarioregionaldigital.com.br\/wp-content\/uploads\/2018\/05\/fotocc-3-360x324.jpg 360w\" sizes=\"auto, (max-width: 680px) 100vw, 680px\" \/><p id=\"caption-attachment-100195\" class=\"wp-caption-text\">Mulheres poderosas da dinastia Gomes da Rocha, La\u00eds D\u2019Angela e Maria Rita<\/p><\/div>\n<div id=\"attachment_100197\" style=\"width: 690px\" class=\"wp-caption aligncenter\"><img loading=\"lazy\" decoding=\"async\" aria-describedby=\"caption-attachment-100197\" class=\"wp-image-100197\" src=\"http:\/\/diarioregionaljf.com.br\/wp-content\/uploads\/2018\/05\/fotoh-9-e1526083030959.jpg\" alt=\"\" width=\"680\" height=\"1110\" \/><p id=\"caption-attachment-100197\" class=\"wp-caption-text\">A super-mam\u00e3e cabeleireira Cec\u00edlia Faza<\/p><\/div>\n<div id=\"attachment_100227\" style=\"width: 690px\" class=\"wp-caption aligncenter\"><img loading=\"lazy\" decoding=\"async\" aria-describedby=\"caption-attachment-100227\" class=\"wp-image-100227\" src=\"http:\/\/diarioregionaljf.com.br\/wp-content\/uploads\/2018\/05\/fotod-5-e1526082243913.jpg\" alt=\"\" width=\"680\" height=\"554\" srcset=\"https:\/\/diarioregionaldigital.com.br\/wp-content\/uploads\/2018\/05\/fotod-5-e1526082243913.jpg 796w, https:\/\/diarioregionaldigital.com.br\/wp-content\/uploads\/2018\/05\/fotod-5-e1526082243913-300x245.jpg 300w, https:\/\/diarioregionaldigital.com.br\/wp-content\/uploads\/2018\/05\/fotod-5-e1526082243913-768x626.jpg 768w, https:\/\/diarioregionaldigital.com.br\/wp-content\/uploads\/2018\/05\/fotod-5-e1526082243913-220x180.jpg 220w, https:\/\/diarioregionaldigital.com.br\/wp-content\/uploads\/2018\/05\/fotod-5-e1526082243913-360x294.jpg 360w\" sizes=\"auto, (max-width: 680px) 100vw, 680px\" \/><p id=\"caption-attachment-100227\" class=\"wp-caption-text\">Ana Loures recebe o carinho do filho Juan Loures<\/p><\/div>\n<div id=\"attachment_100228\" style=\"width: 690px\" class=\"wp-caption aligncenter\"><img loading=\"lazy\" decoding=\"async\" aria-describedby=\"caption-attachment-100228\" class=\"wp-image-100228\" src=\"http:\/\/diarioregionaljf.com.br\/wp-content\/uploads\/2018\/05\/fotoi-6.jpg\" alt=\"\" width=\"680\" height=\"460\" srcset=\"https:\/\/diarioregionaldigital.com.br\/wp-content\/uploads\/2018\/05\/fotoi-6.jpg 800w, https:\/\/diarioregionaldigital.com.br\/wp-content\/uploads\/2018\/05\/fotoi-6-300x203.jpg 300w, https:\/\/diarioregionaldigital.com.br\/wp-content\/uploads\/2018\/05\/fotoi-6-768x519.jpg 768w, https:\/\/diarioregionaldigital.com.br\/wp-content\/uploads\/2018\/05\/fotoi-6-360x243.jpg 360w\" sizes=\"auto, (max-width: 680px) 100vw, 680px\" \/><p id=\"caption-attachment-100228\" class=\"wp-caption-text\">As elegantes Nayara e Nayane Neto com a mam\u00e3e by Candy, La\u00eds Neto<\/p><\/div>\n<div id=\"attachment_100229\" style=\"width: 690px\" class=\"wp-caption aligncenter\"><img loading=\"lazy\" decoding=\"async\" aria-describedby=\"caption-attachment-100229\" class=\"wp-image-100229\" src=\"http:\/\/diarioregionaljf.com.br\/wp-content\/uploads\/2018\/05\/fotoj-6-e1526082201258.jpg\" alt=\"\" width=\"680\" height=\"471\" srcset=\"https:\/\/diarioregionaldigital.com.br\/wp-content\/uploads\/2018\/05\/fotoj-6-e1526082201258.jpg 794w, https:\/\/diarioregionaldigital.com.br\/wp-content\/uploads\/2018\/05\/fotoj-6-e1526082201258-300x208.jpg 300w, https:\/\/diarioregionaldigital.com.br\/wp-content\/uploads\/2018\/05\/fotoj-6-e1526082201258-768x532.jpg 768w, https:\/\/diarioregionaldigital.com.br\/wp-content\/uploads\/2018\/05\/fotoj-6-e1526082201258-360x249.jpg 360w, https:\/\/diarioregionaldigital.com.br\/wp-content\/uploads\/2018\/05\/fotoj-6-e1526082201258-100x70.jpg 100w\" sizes=\"auto, (max-width: 680px) 100vw, 680px\" \/><p id=\"caption-attachment-100229\" class=\"wp-caption-text\">A incans\u00e1vel mam\u00e3e Ascomcer, Gemma Brand\u00e3o com o filho Lu\u00eds Del Ducca<\/p><\/div>\n<div id=\"attachment_100259\" style=\"width: 690px\" class=\"wp-caption aligncenter\"><img loading=\"lazy\" decoding=\"async\" aria-describedby=\"caption-attachment-100259\" class=\"wp-image-100259\" src=\"http:\/\/diarioregionaljf.com.br\/wp-content\/uploads\/2018\/05\/foton-3.jpg\" alt=\"\" width=\"680\" height=\"532\" srcset=\"https:\/\/diarioregionaldigital.com.br\/wp-content\/uploads\/2018\/05\/foton-3.jpg 800w, https:\/\/diarioregionaldigital.com.br\/wp-content\/uploads\/2018\/05\/foton-3-300x235.jpg 300w, https:\/\/diarioregionaldigital.com.br\/wp-content\/uploads\/2018\/05\/foton-3-768x601.jpg 768w, https:\/\/diarioregionaldigital.com.br\/wp-content\/uploads\/2018\/05\/foton-3-360x282.jpg 360w\" sizes=\"auto, (max-width: 680px) 100vw, 680px\" \/><p id=\"caption-attachment-100259\" class=\"wp-caption-text\">Arthur Bonoto e L\u00e9o Bonoto com a mam\u00e3e fot\u00f3grafa Isabella<\/p><\/div>\n<div id=\"attachment_100170\" style=\"width: 690px\" class=\"wp-caption aligncenter\"><img loading=\"lazy\" decoding=\"async\" aria-describedby=\"caption-attachment-100170\" class=\"wp-image-100170\" src=\"http:\/\/diarioregionaljf.com.br\/wp-content\/uploads\/2018\/05\/fotop-1.jpg\" alt=\"\" width=\"680\" height=\"454\" srcset=\"https:\/\/diarioregionaldigital.com.br\/wp-content\/uploads\/2018\/05\/fotop-1.jpg 1024w, https:\/\/diarioregionaldigital.com.br\/wp-content\/uploads\/2018\/05\/fotop-1-300x200.jpg 300w, https:\/\/diarioregionaldigital.com.br\/wp-content\/uploads\/2018\/05\/fotop-1-768x512.jpg 768w, https:\/\/diarioregionaldigital.com.br\/wp-content\/uploads\/2018\/05\/fotop-1-360x240.jpg 360w\" sizes=\"auto, (max-width: 680px) 100vw, 680px\" \/><p id=\"caption-attachment-100170\" class=\"wp-caption-text\">Monique Abr\u00e3o Carneiro com os lindos filhos Big-P\u00e3o, Cau\u00e3 e Valentina, em sintonia com o Dia das M\u00e3es<\/p><\/div>\n<p style=\"text-align: center;\"><strong>FOTOSS\u00cdNTESE<\/strong><\/p>\n<p>No domingo, 13, \u00e0s 17h, o Museu Ferrovi\u00e1rio de Juiz de Fora recebe o espet\u00e1culo \u201cSobre Capitu\u201d.<\/p>\n<p>Para o Dia das M\u00e3es \u00e9 dica certeira o almo\u00e7o estrelado do Restaurante Bras\u00e3o.<\/p>\n<p>A pugilista radicada em Juiz de Fora Beatriz Ferreira teve nova campanha invicta e \u00e9 bicampe\u00e3 paulista de boxe e passa agora a mirar Jogos Sul-Americanos na Bol\u00edvia.<\/p>\n<p>Causando elogios, o professor Anderson Ferrari com o projeto \u201cTemas contempor\u00e2neos para adolesc\u00eancias\u201d com alunos do ensino fundamental da Escola Municipal Ant\u00f4nio Faustino da Silva. Na pauta, educa\u00e7\u00e3o sexual, rob\u00f3tica, preconceito e amizade.<\/p>\n<p>A Casa Design 2018 ter\u00e1 como espa\u00e7o em sua 4\u00aa edi\u00e7\u00e3o uma ampla propriedade da fam\u00edlia Gon\u00e7alves, na rua Sampaio. Ponto para N\u00edvea Mello e Alexandre de Oliveira.<\/p>\n<p>Linda e capotante Carol Junqueira faz sucesso como DJ no Rio de Janeiro. Ontem ela arrasou tocando na Sunset Simphonia, na Casa Mosquito, em Copacabana.<\/p>\n<p>Ser\u00e1 no Sal\u00e3o Sirena, o baile de anivers\u00e1rio de 65 anos da AABB\/JF.<\/p>\n<p>Hoje Dia das M\u00e3es nossa homenagem para: Jane Arag\u00e3o, Fl\u00e1via Arag\u00e3o Platz, Maria Pires, Maria Helena Reis, Regina Horta e Silva, Marilda Leite Ferreira, Lia Gomide, Ormiza Delmonte, Ethel Lacerda, Josane Arag\u00e3o, Maria Helena Macedo, Rita Delmonte, Ivete Gomes, Maria Helena Reis, L\u00facia Abdalla, Cl\u00e1udia Mattos, Regina Monteiro, Wania Piccinini Silva, Jane Sotto Maior, Carolina Rebou\u00e7as Estiquer, Roxelane Ara\u00fajo, \u00c9rika Rocha Calixto e Erika Lessa.<\/p>\n","protected":false},"excerpt":{"rendered":"<p>Sabad\u00e3o Agendado para o dia 2 de junho o super evento Nepop\u00f3 Night Club!!!. Em cena a festa da XIII Edi\u00e7\u00e3o do Festival de Teatro de S\u00e3o Jo\u00e3o Nepomuceno. O cen\u00e1rio ser\u00e1 na sede social do Trombeteiros e com o som pop reggae do Raastr Roots. Ele Merece Muito elogiado, o vereador Adriano Miranda foi [&hellip;]<\/p>\n","protected":false},"author":96,"featured_media":100155,"comment_status":"closed","ping_status":"closed","sticky":false,"template":"","format":"standard","meta":{"footnotes":""},"categories":[264],"tags":[],"class_list":["post-100266","post","type-post","status-publish","format-standard","has-post-thumbnail","hentry","category-eduardo-gomes"],"_links":{"self":[{"href":"https:\/\/diarioregionaldigital.com.br\/index.php?rest_route=\/wp\/v2\/posts\/100266","targetHints":{"allow":["GET"]}}],"collection":[{"href":"https:\/\/diarioregionaldigital.com.br\/index.php?rest_route=\/wp\/v2\/posts"}],"about":[{"href":"https:\/\/diarioregionaldigital.com.br\/index.php?rest_route=\/wp\/v2\/types\/post"}],"author":[{"embeddable":true,"href":"https:\/\/diarioregionaldigital.com.br\/index.php?rest_route=\/wp\/v2\/users\/96"}],"replies":[{"embeddable":true,"href":"https:\/\/diarioregionaldigital.com.br\/index.php?rest_route=%2Fwp%2Fv2%2Fcomments&post=100266"}],"version-history":[{"count":0,"href":"https:\/\/diarioregionaldigital.com.br\/index.php?rest_route=\/wp\/v2\/posts\/100266\/revisions"}],"wp:featuredmedia":[{"embeddable":true,"href":"https:\/\/diarioregionaldigital.com.br\/index.php?rest_route=\/wp\/v2\/media\/100155"}],"wp:attachment":[{"href":"https:\/\/diarioregionaldigital.com.br\/index.php?rest_route=%2Fwp%2Fv2%2Fmedia&parent=100266"}],"wp:term":[{"taxonomy":"category","embeddable":true,"href":"https:\/\/diarioregionaldigital.com.br\/index.php?rest_route=%2Fwp%2Fv2%2Fcategories&post=100266"},{"taxonomy":"post_tag","embeddable":true,"href":"https:\/\/diarioregionaldigital.com.br\/index.php?rest_route=%2Fwp%2Fv2%2Ftags&post=100266"}],"curies":[{"name":"wp","href":"https:\/\/api.w.org\/{rel}","templated":true}]}}