{"id":100210,"date":"2018-05-13T06:00:05","date_gmt":"2018-05-13T09:00:05","guid":{"rendered":"http:\/\/diarioregionaljf.com.br\/?p=100210"},"modified":"2018-05-11T19:14:31","modified_gmt":"2018-05-11T22:14:31","slug":"falhar-em-planejar-e-planejar-em-falhar","status":"publish","type":"post","link":"https:\/\/diarioregionaldigital.com.br\/?p=100210","title":{"rendered":"Falhar em planejar \u00e9 planejar em falhar"},"content":{"rendered":"<p>\u00c9 sempre a mesma hist\u00f3ria. Mais ou menos no meio do m\u00eas de novembro, come\u00e7a a correria. \u00c9 preciso finalizar trabalhos pendentes, redobrar a aten\u00e7\u00e3o aos filhos, planejar as f\u00e9rias da fam\u00edlia, fazer a revis\u00e3o do carro, fazer as compras de Natal, cuidar dos preparativos para a ceia e planejar o pr\u00f3ximo ano.<\/p>\n<p>Mas voc\u00ea n\u00e3o precisa passar por isso. Basta tra\u00e7ar um detalhado plano de a\u00e7\u00e3o e coloc\u00e1-lo em pr\u00e1tica. Se voc\u00ea realmente almeja concretizar suas aspira\u00e7\u00f5es, \u00e9 preciso ir al\u00e9m da \u201clistinha\u201d de inten\u00e7\u00f5es.<\/p>\n<p>Lembre-se de viver o presente, o aqui e agora. Voc\u00ea sabe o que \u00e9 preocupa\u00e7\u00e3o? Preocupa\u00e7\u00e3o \u00e9 manter a mente ocupada antes da hora, ou seja, previamente (pr\u00e9-ocupa\u00e7\u00e3o).<\/p>\n<p>Se voc\u00ea acha que pensando nos problemas conseguir\u00e1 solucion\u00e1-los, engana-se. Isso apenas pr\u00e9-ocupa a sua mente e o impede de buscar solu\u00e7\u00f5es. A maioria de n\u00f3s, quando adulto, adquire o p\u00e9ssimo h\u00e1bito de complicar a vida. Esforce-se para enxergar as coisas como elas realmente s\u00e3o e veja que, assim, \u00e9 muito mais f\u00e1cil lidar com elas.<\/p>\n<p>Para tornar seus sonhos realidade, \u00e9 fundamental estipular quando e como eles ir\u00e3o se realizar. A vida s\u00f3 tem sentido quando definimos metas positivas, seja para o campo pessoal, profissional, financeiro ou familiar. Mas, para sair da in\u00e9rcia, \u00e9 preciso ter consci\u00eancia de onde voc\u00ea est\u00e1, aonde quer chegar e qual caminho seguir.<\/p>\n<p>Se voc\u00ea almeja ser uma pessoa bem-sucedida e pr\u00f3spera em tudo o que faz, precisa tamb\u00e9m desenvolver outras habilidades, como a persist\u00eancia e a perseveran\u00e7a. Velhos h\u00e1bitos e cren\u00e7as n\u00e3o mudam de uma hora para outra. Mas, com disciplina e insist\u00eancia, voc\u00ea pode transformar a sua vida e obter o sucesso em suas a\u00e7\u00f5es.<\/p>\n<p>Antes de mais nada, defina seus valores. Descubra o que o leva a buscar por seus objetivos. Seja verdadeiro com voc\u00ea mesmo.<\/p>\n<p>Refletir sobre suas finan\u00e7as, por exemplo, \u00e9 um exerc\u00edcio fundamental, que deve ser freq\u00fcentemente revisado. Para conquistar a felicidade, todas as \u00e1reas da vida t\u00eam de estar equilibradas. \u00c9 preciso identificar que \u00e1reas est\u00e3o sendo mais ou menos trabalhadas e, se detectado algum desequil\u00edbrio, agir para reverter o processo.<\/p>\n<p>Saber identificar o que \u00e9 prioridade, separando o que \u00e9 urgente do que \u00e9 importante, tamb\u00e9m ajuda a manter o foco afinado com seus objetivos, pois o que \u00e9 urgente nem sempre \u00e9 importante e vice-versa.<\/p>\n<p>Avaliando suas tarefas di\u00e1rias, \u00e9 poss\u00edvel reorganizar seu tempo em fun\u00e7\u00e3o de suas metas. Deter-se em tarefas que n\u00e3o s\u00e3o urgente nem importantes \u00e9 perda de tempo. O ideal \u00e9 utilizar a maior parte do tempo em a\u00e7\u00f5es produtivas, que sejam importantes, mas n\u00e3o necessariamente urgentes.<\/p>\n<p>Uma vez definidos seus valores e prioridades, desenhe uma estrat\u00e9gia simples, objetiva e realista. D\u00ea um passo de cada vez e voc\u00ea ser\u00e1 capaz de superar cada batalha, juntando energia para vencer a guerra.<\/p>\n<p>Baseie sua a\u00e7\u00e3o em uma \u201cPir\u00e2mide da Produtividade\u201d: na base, seus valores dominantes; logo acima, as metas de m\u00e9dio e de longo prazos; e no topo, as tarefas di\u00e1rias. Cada pequena a\u00e7\u00e3o pode ser revertida em algo muito maior. \u00c9 essa a energia que ir\u00e1 mov\u00ea-lo em dire\u00e7\u00e3o a seus objetivos.<\/p>\n<p>Acumular v\u00e1rias pequenas vit\u00f3rias ao longo de um processo fortalece o esp\u00edrito e alimenta o sistema de motiva\u00e7\u00e3o interior. E sentindo o sabor das pequenas vit\u00f3rias voc\u00ea vai construindo um caminho de sucesso e de prosperidade, impedindo que o estresse e a ansiedade tomem conta de sua vida.<\/p>\n<p>&nbsp;<\/p>\n","protected":false},"excerpt":{"rendered":"<p>\u00c9 sempre a mesma hist\u00f3ria. Mais ou menos no meio do m\u00eas de novembro, come\u00e7a a correria. \u00c9 preciso finalizar trabalhos pendentes, redobrar a aten\u00e7\u00e3o aos filhos, planejar as f\u00e9rias da fam\u00edlia, fazer a revis\u00e3o do carro, fazer as compras de Natal, cuidar dos preparativos para a ceia e planejar o pr\u00f3ximo ano. Mas voc\u00ea [&hellip;]<\/p>\n","protected":false},"author":96,"featured_media":96755,"comment_status":"closed","ping_status":"closed","sticky":false,"template":"","format":"standard","meta":{"footnotes":""},"categories":[274],"tags":[],"class_list":["post-100210","post","type-post","status-publish","format-standard","has-post-thumbnail","hentry","category-dr-lair-ribeiro"],"_links":{"self":[{"href":"https:\/\/diarioregionaldigital.com.br\/index.php?rest_route=\/wp\/v2\/posts\/100210","targetHints":{"allow":["GET"]}}],"collection":[{"href":"https:\/\/diarioregionaldigital.com.br\/index.php?rest_route=\/wp\/v2\/posts"}],"about":[{"href":"https:\/\/diarioregionaldigital.com.br\/index.php?rest_route=\/wp\/v2\/types\/post"}],"author":[{"embeddable":true,"href":"https:\/\/diarioregionaldigital.com.br\/index.php?rest_route=\/wp\/v2\/users\/96"}],"replies":[{"embeddable":true,"href":"https:\/\/diarioregionaldigital.com.br\/index.php?rest_route=%2Fwp%2Fv2%2Fcomments&post=100210"}],"version-history":[{"count":0,"href":"https:\/\/diarioregionaldigital.com.br\/index.php?rest_route=\/wp\/v2\/posts\/100210\/revisions"}],"wp:featuredmedia":[{"embeddable":true,"href":"https:\/\/diarioregionaldigital.com.br\/index.php?rest_route=\/wp\/v2\/media\/96755"}],"wp:attachment":[{"href":"https:\/\/diarioregionaldigital.com.br\/index.php?rest_route=%2Fwp%2Fv2%2Fmedia&parent=100210"}],"wp:term":[{"taxonomy":"category","embeddable":true,"href":"https:\/\/diarioregionaldigital.com.br\/index.php?rest_route=%2Fwp%2Fv2%2Fcategories&post=100210"},{"taxonomy":"post_tag","embeddable":true,"href":"https:\/\/diarioregionaldigital.com.br\/index.php?rest_route=%2Fwp%2Fv2%2Ftags&post=100210"}],"curies":[{"name":"wp","href":"https:\/\/api.w.org\/{rel}","templated":true}]}}