{"id":100151,"date":"2018-05-11T17:40:06","date_gmt":"2018-05-11T20:40:06","guid":{"rendered":"http:\/\/diarioregionaljf.com.br\/?p=100151"},"modified":"2018-05-11T17:40:06","modified_gmt":"2018-05-11T20:40:06","slug":"maio-amarelo-final-de-semana-sera-marcado-por-acoes-de-conscientizacao","status":"publish","type":"post","link":"https:\/\/diarioregionaldigital.com.br\/?p=100151","title":{"rendered":"Maio Amarelo: Final de semana ser\u00e1 marcado por a\u00e7\u00f5es de conscientiza\u00e7\u00e3o"},"content":{"rendered":"<p>Dando continuidade \u00e0s a\u00e7\u00f5es do \u201cMaio Amarelo\u201d, a Secretaria de Transporte e Tr\u00e2nsito (Settra) da Prefeitura de Juiz de Fora, em parceria com outros \u00f3rg\u00e3os, promove a\u00e7\u00f5es neste s\u00e1bado, 12. Das 9h \u00e0s 12h, os alunos do Curso T\u00e9cnico em Transporte Rodovi\u00e1rio, do Instituto Federal de Educa\u00e7\u00e3o, Ci\u00eancia e Tecnologia do Sudeste de Minas Gerais (Ifet) de Juiz de Fora, recebem palestra educativa com os temas \u201cMaio Amarelo\u201d, \u201cComportamento Seguro no Tr\u00e2nsito\u201d e \u201cMobilidade da Pessoa com Defici\u00eancia\u201d. \u00c0s 15h, a Choperia Salvaterra recebe da Settra o selo de empresa parceira do Maio Amarelo, por iniciativa desenvolvida buscando um tr\u00e2nsito mais seguro.<\/p>\n<p>Na atividade no Ifet, a proposta, de acordo com a assessora t\u00e9cnica da Settra, e respons\u00e1vel pelo encontro, Ana Beatriz Machado Chaves, \u201c\u00e9 conversar sobre o movimento com os jovens que, futuramente, ser\u00e3o os novos motoristas e principais agentes no tr\u00e2nsito\u201d. O encontro ser\u00e1 finalizado com blitz educativa, em que cartas com mensagens alusivas \u00e0 causa, escritas por alunos, ser\u00e3o entregues no tr\u00e2nsito.<\/p>\n<p>A iniciativa conta, tamb\u00e9m, com a participa\u00e7\u00e3o de membros da Comiss\u00e3o Municipal de Seguran\u00e7a e Educa\u00e7\u00e3o no Tr\u00e2nsito (Comset), da Organiza\u00e7\u00e3o N\u00e3o-Governamental (ONG) Somar Brasil e do Departamento de Pol\u00edticas para a Pessoa com Defici\u00eancia e Direitos Humanos (DPCDH).<\/p>\n<p>A Choperia Salvaterra recebe da Settra o selo de empresa parceira do Maio Amarelo por conta da a\u00e7\u00e3o que realiza, convertendo em chopp o valor que os clientes gastam com t\u00e1xi. A ideia \u00e9 que outras empresas do ramo adotem o mesmo comportamento, incentivando cada vez mais pessoas a utilizar meios de transporte alternativo ao ve\u00edculo pr\u00f3prio, evitando assim os acidentes em decorr\u00eancia da combina\u00e7\u00e3o perigosa do \u00e1lcool com a dire\u00e7\u00e3o.<\/p>\n<p><b>Pr\u00f3xima semana<\/b><\/p>\n<p>Na segunda-feira, 14, \u00e0s 14h, o audit\u00f3rio da Superintend\u00eancia Regional de Sa\u00fade\/JF(SRS) (Avenida dos Andradas, n\u00b0222) ser\u00e1 palco da \u201cForma\u00e7\u00e3o para Multiplicadores de Profissionais Estaduais\u201d. Servidores da sa\u00fade e de escolas estaduais do munic\u00edpio estar\u00e3o envolvidos na a\u00e7\u00e3o, com os temas \u201cMaio Amarelo\u201d e \u201cComportamento no Tr\u00e2nsito\u201d. Entre outras coisas, o debate vai elencar as maneiras de tratar o assunto nas escolas estaduais, dentro do que rege o programa \u201cSa\u00fade na Escola\u201d, da Secretaria de Estado de Sa\u00fade de Minas Gerais (SES-MG). Cerca de 140 profissionais devem participar.<\/p>\n<p>Representantes do Servi\u00e7o Social do Transporte e Servi\u00e7o Nacional de Aprendizagem do Transporte (Sest\/Senat) e do Comset tamb\u00e9m estar\u00e3o presentes.<\/p>\n<p>&nbsp;<\/p>\n<p>Fonte: Assessoria<\/p>\n","protected":false},"excerpt":{"rendered":"<p>Dando continuidade \u00e0s a\u00e7\u00f5es do \u201cMaio Amarelo\u201d, a Secretaria de Transporte e Tr\u00e2nsito (Settra) da Prefeitura de Juiz de Fora, em parceria com outros \u00f3rg\u00e3os, promove a\u00e7\u00f5es neste s\u00e1bado, 12. Das 9h \u00e0s 12h, os alunos do Curso T\u00e9cnico em Transporte Rodovi\u00e1rio, do Instituto Federal de Educa\u00e7\u00e3o, Ci\u00eancia e Tecnologia do Sudeste de Minas Gerais [&hellip;]<\/p>\n","protected":false},"author":96,"featured_media":100152,"comment_status":"closed","ping_status":"closed","sticky":false,"template":"","format":"standard","meta":{"footnotes":""},"categories":[253,440,439],"tags":[],"class_list":["post-100151","post","type-post","status-publish","format-standard","has-post-thumbnail","hentry","category-cidade","category-destaques-do-dia","category-ultima-hora"],"_links":{"self":[{"href":"https:\/\/diarioregionaldigital.com.br\/index.php?rest_route=\/wp\/v2\/posts\/100151","targetHints":{"allow":["GET"]}}],"collection":[{"href":"https:\/\/diarioregionaldigital.com.br\/index.php?rest_route=\/wp\/v2\/posts"}],"about":[{"href":"https:\/\/diarioregionaldigital.com.br\/index.php?rest_route=\/wp\/v2\/types\/post"}],"author":[{"embeddable":true,"href":"https:\/\/diarioregionaldigital.com.br\/index.php?rest_route=\/wp\/v2\/users\/96"}],"replies":[{"embeddable":true,"href":"https:\/\/diarioregionaldigital.com.br\/index.php?rest_route=%2Fwp%2Fv2%2Fcomments&post=100151"}],"version-history":[{"count":0,"href":"https:\/\/diarioregionaldigital.com.br\/index.php?rest_route=\/wp\/v2\/posts\/100151\/revisions"}],"wp:featuredmedia":[{"embeddable":true,"href":"https:\/\/diarioregionaldigital.com.br\/index.php?rest_route=\/wp\/v2\/media\/100152"}],"wp:attachment":[{"href":"https:\/\/diarioregionaldigital.com.br\/index.php?rest_route=%2Fwp%2Fv2%2Fmedia&parent=100151"}],"wp:term":[{"taxonomy":"category","embeddable":true,"href":"https:\/\/diarioregionaldigital.com.br\/index.php?rest_route=%2Fwp%2Fv2%2Fcategories&post=100151"},{"taxonomy":"post_tag","embeddable":true,"href":"https:\/\/diarioregionaldigital.com.br\/index.php?rest_route=%2Fwp%2Fv2%2Ftags&post=100151"}],"curies":[{"name":"wp","href":"https:\/\/api.w.org\/{rel}","templated":true}]}}