{"id":100136,"date":"2018-05-11T15:53:26","date_gmt":"2018-05-11T18:53:26","guid":{"rendered":"http:\/\/diarioregionaljf.com.br\/?p=100136"},"modified":"2018-05-11T15:53:26","modified_gmt":"2018-05-11T18:53:26","slug":"mulher-e-detida-pela-prf-no-estado-do-rio-transportando-10kg-de-maconha-para-cidade-da-regiao","status":"publish","type":"post","link":"https:\/\/diarioregionaldigital.com.br\/?p=100136","title":{"rendered":"Mulher \u00e9 detida pela PRF no estado do Rio transportando 10kg de maconha para cidade da regi\u00e3o"},"content":{"rendered":"<p>Uma mulher de 44 anos foi presa nesta semana pela Pol\u00edcia Rodovi\u00e1ria Federal (PRF), no estado do Rio de Janeiro, acusada de transportar mais 10kg de maconha com destino \u00e0 cidade de Ub\u00e1.<\/p>\n<p>De acordo com a PRF, a mulher era passageira de um \u00f4nibus que seguia de S\u00e3o Paulo para Ponte Nova-MG e que foi abordado pela corpora\u00e7\u00e3o na rodovia BR-393, no posto de Dorandia, no munic\u00edpio fluminense de Barra do Pira\u00ed-RJ.<\/p>\n<div id=\"attachment_100137\" style=\"width: 710px\" class=\"wp-caption alignnone\"><img loading=\"lazy\" decoding=\"async\" aria-describedby=\"caption-attachment-100137\" class=\"size-full wp-image-100137\" src=\"http:\/\/diarioregionaljf.com.br\/wp-content\/uploads\/2018\/05\/prisaomulhermaconha.jpg\" alt=\"\" width=\"700\" height=\"525\" srcset=\"https:\/\/diarioregionaldigital.com.br\/wp-content\/uploads\/2018\/05\/prisaomulhermaconha.jpg 700w, https:\/\/diarioregionaldigital.com.br\/wp-content\/uploads\/2018\/05\/prisaomulhermaconha-300x225.jpg 300w, https:\/\/diarioregionaldigital.com.br\/wp-content\/uploads\/2018\/05\/prisaomulhermaconha-360x270.jpg 360w\" sizes=\"auto, (max-width: 700px) 100vw, 700px\" \/><p id=\"caption-attachment-100137\" class=\"wp-caption-text\">Segundo a PRF, a mulher seguia em um \u00f4nibus abordado em Barra do Pira\u00ed-RJ e levava a droga para Ub\u00e1. Foto: Divulga\u00e7\u00e3o<\/p><\/div>\n<p>Ainda conforme a PRF, durante vistoria no compartimento de bagagem do coletivo os patrulheiros rodovi\u00e1rios encontraram 15 barras de maconha, pesando 10,6kg, dentro de uma mala pertencente \u00e0 mulher detida.<\/p>\n<p>A passageira e o entorpecente foram encaminhados \u00e0 Pol\u00edcia Civil (PC), em Barra do Pira\u00ed.<\/p>\n<p>Fonte: R\u00e1dio Muria\u00e9<\/p>\n","protected":false},"excerpt":{"rendered":"<p>Uma mulher de 44 anos foi presa nesta semana pela Pol\u00edcia Rodovi\u00e1ria Federal (PRF), no estado do Rio de Janeiro, acusada de transportar mais 10kg de maconha com destino \u00e0 cidade de Ub\u00e1. De acordo com a PRF, a mulher era passageira de um \u00f4nibus que seguia de S\u00e3o Paulo para Ponte Nova-MG e que [&hellip;]<\/p>\n","protected":false},"author":96,"featured_media":100138,"comment_status":"closed","ping_status":"closed","sticky":false,"template":"","format":"standard","meta":{"footnotes":""},"categories":[440,252,439],"tags":[],"class_list":["post-100136","post","type-post","status-publish","format-standard","has-post-thumbnail","hentry","category-destaques-do-dia","category-regiao","category-ultima-hora"],"_links":{"self":[{"href":"https:\/\/diarioregionaldigital.com.br\/index.php?rest_route=\/wp\/v2\/posts\/100136","targetHints":{"allow":["GET"]}}],"collection":[{"href":"https:\/\/diarioregionaldigital.com.br\/index.php?rest_route=\/wp\/v2\/posts"}],"about":[{"href":"https:\/\/diarioregionaldigital.com.br\/index.php?rest_route=\/wp\/v2\/types\/post"}],"author":[{"embeddable":true,"href":"https:\/\/diarioregionaldigital.com.br\/index.php?rest_route=\/wp\/v2\/users\/96"}],"replies":[{"embeddable":true,"href":"https:\/\/diarioregionaldigital.com.br\/index.php?rest_route=%2Fwp%2Fv2%2Fcomments&post=100136"}],"version-history":[{"count":0,"href":"https:\/\/diarioregionaldigital.com.br\/index.php?rest_route=\/wp\/v2\/posts\/100136\/revisions"}],"wp:featuredmedia":[{"embeddable":true,"href":"https:\/\/diarioregionaldigital.com.br\/index.php?rest_route=\/wp\/v2\/media\/100138"}],"wp:attachment":[{"href":"https:\/\/diarioregionaldigital.com.br\/index.php?rest_route=%2Fwp%2Fv2%2Fmedia&parent=100136"}],"wp:term":[{"taxonomy":"category","embeddable":true,"href":"https:\/\/diarioregionaldigital.com.br\/index.php?rest_route=%2Fwp%2Fv2%2Fcategories&post=100136"},{"taxonomy":"post_tag","embeddable":true,"href":"https:\/\/diarioregionaldigital.com.br\/index.php?rest_route=%2Fwp%2Fv2%2Ftags&post=100136"}],"curies":[{"name":"wp","href":"https:\/\/api.w.org\/{rel}","templated":true}]}}