{"id":100132,"date":"2018-05-11T15:27:52","date_gmt":"2018-05-11T18:27:52","guid":{"rendered":"http:\/\/diarioregionaljf.com.br\/?p=100132"},"modified":"2018-05-11T15:27:52","modified_gmt":"2018-05-11T18:27:52","slug":"segundo-jornais-espanhois-psg-sabe-da-saida-de-neymar-para-o-real-madri","status":"publish","type":"post","link":"https:\/\/diarioregionaldigital.com.br\/?p=100132","title":{"rendered":"Segundo jornais espanh\u00f3is PSG sabe da sa\u00edda de Neymar para o Real Madri"},"content":{"rendered":"<p>Depois da novela da negocia\u00e7\u00e3o de Neymar do Barcelona para o Paris Saint &#8211; German agora \u00e9 a vez da persistente especula\u00e7\u00e3o de sua sa\u00edda para o Real Madri na pr\u00f3xima temporada. Segundo afirma a capa do jornal espanhol\u00a0Marca\u00a0que foi \u00e0s bancas nesta sexta-feira, 11, o pai do craque j\u00e1 at\u00e9 teria dito aos dirigentes do clube franc\u00eas que Neymar sair\u00e1 na pr\u00f3xima janela de transfer\u00eancias.<\/p>\n<p>&nbsp;<\/p>\n<p>Al\u00e9m disso, a publica\u00e7\u00e3o confirma que Neymar pai e dirigentes do clube merengue se encontraram em Paris em 7 de dezembro do ano passado, quando j\u00e1 teriam acertado alguns detalhes da negocia\u00e7\u00e3o. O PSG nega e diz que seu camisa 10 n\u00e3o est\u00e1 \u00e0 venda.<\/p>\n<p>A not\u00edcia ainda afirma que o brasileiro reconhece que errou em fechar com um clube franc\u00eas, num campeonato de menos competitividade, e que n\u00e3o se adaptou aos colegas e ao vesti\u00e1rio, onde n\u00e3o consegue manter boa rela\u00e7\u00e3o com Di Mar\u00eda, Pastore, Lo Celso e Cavani.paris saint<\/p>\n<p>Neymar chegou no Paris Saint-Germain em agosto de 2017, naquela que ficou conhecida como a contrata\u00e7\u00e3o mais cara da hist\u00f3ria do futebol. Desde ent\u00e3o, ele vem tendo problemas com companheiros, se envolveu em pol\u00eamicas, j\u00e1 foi vaiado pela torcida e n\u00e3o conseguiu se firmar. Os rumores de sua ida para o Real Madrid s\u00e3o ouvidos desde a sua transfer\u00eancia para o Parque dos Pr\u00edncipes.<\/p>\n<p>&nbsp;<\/p>\n<p>Fonte: Gazetapress<\/p>\n<p><strong>\u00a0<\/strong><\/p>\n<p><strong>\u00a0<\/strong><\/p>\n","protected":false},"excerpt":{"rendered":"<p>Depois da novela da negocia\u00e7\u00e3o de Neymar do Barcelona para o Paris Saint &#8211; German agora \u00e9 a vez da persistente especula\u00e7\u00e3o de sua sa\u00edda para o Real Madri na pr\u00f3xima temporada. Segundo afirma a capa do jornal espanhol\u00a0Marca\u00a0que foi \u00e0s bancas nesta sexta-feira, 11, o pai do craque j\u00e1 at\u00e9 teria dito aos dirigentes [&hellip;]<\/p>\n","protected":false},"author":96,"featured_media":100133,"comment_status":"closed","ping_status":"closed","sticky":false,"template":"","format":"standard","meta":{"footnotes":""},"categories":[257,439],"tags":[],"class_list":["post-100132","post","type-post","status-publish","format-standard","has-post-thumbnail","hentry","category-esporte","category-ultima-hora"],"_links":{"self":[{"href":"https:\/\/diarioregionaldigital.com.br\/index.php?rest_route=\/wp\/v2\/posts\/100132","targetHints":{"allow":["GET"]}}],"collection":[{"href":"https:\/\/diarioregionaldigital.com.br\/index.php?rest_route=\/wp\/v2\/posts"}],"about":[{"href":"https:\/\/diarioregionaldigital.com.br\/index.php?rest_route=\/wp\/v2\/types\/post"}],"author":[{"embeddable":true,"href":"https:\/\/diarioregionaldigital.com.br\/index.php?rest_route=\/wp\/v2\/users\/96"}],"replies":[{"embeddable":true,"href":"https:\/\/diarioregionaldigital.com.br\/index.php?rest_route=%2Fwp%2Fv2%2Fcomments&post=100132"}],"version-history":[{"count":0,"href":"https:\/\/diarioregionaldigital.com.br\/index.php?rest_route=\/wp\/v2\/posts\/100132\/revisions"}],"wp:featuredmedia":[{"embeddable":true,"href":"https:\/\/diarioregionaldigital.com.br\/index.php?rest_route=\/wp\/v2\/media\/100133"}],"wp:attachment":[{"href":"https:\/\/diarioregionaldigital.com.br\/index.php?rest_route=%2Fwp%2Fv2%2Fmedia&parent=100132"}],"wp:term":[{"taxonomy":"category","embeddable":true,"href":"https:\/\/diarioregionaldigital.com.br\/index.php?rest_route=%2Fwp%2Fv2%2Fcategories&post=100132"},{"taxonomy":"post_tag","embeddable":true,"href":"https:\/\/diarioregionaldigital.com.br\/index.php?rest_route=%2Fwp%2Fv2%2Ftags&post=100132"}],"curies":[{"name":"wp","href":"https:\/\/api.w.org\/{rel}","templated":true}]}}