{"id":100129,"date":"2018-05-11T14:37:09","date_gmt":"2018-05-11T17:37:09","guid":{"rendered":"http:\/\/diarioregionaljf.com.br\/?p=100129"},"modified":"2018-05-11T14:37:09","modified_gmt":"2018-05-11T17:37:09","slug":"confirmado-pela-cbf-daniel-alves-esta-fora-da-copa-do-mundo","status":"publish","type":"post","link":"https:\/\/diarioregionaldigital.com.br\/?p=100129","title":{"rendered":"Confirmado pela CBF Daniel Alves est\u00e1 fora da Copa do Mundo"},"content":{"rendered":"<p>Ap\u00f3s les\u00e3o de Daniel Alves em partida com PSG, at\u00e9\u00a0 essa quinta-feira tinha esperan\u00e7as de que ele ainda jogaria a Copa do Mundo da R\u00fassia. Mas, m\u00e9dico da sele\u00e7\u00e3o descarta a possibilidade e na tarde de sexta-feira, CBF em seu site oficial, informa que o lateral direito n\u00e3o teria condi\u00e7\u00f5es de se recuperar para a maior competi\u00e7\u00e3o do mundo.<\/p>\n<p><strong>Confira a nota dada pela CBF em seu site oficial:<\/strong><\/p>\n<p>\u201cNa \u00faltima quinta-feira 10, o m\u00e9dico da Sele\u00e7\u00e3o Brasileira, Rodrigo Lasmar, e o coordenador, Edu Gaspar, desembarcaram em Paris para um acompanhamento aprofundado da situa\u00e7\u00e3o m\u00e9dica ocorrida na final da Copa da Fran\u00e7a com o lateral direito do Paris Saint-Germain, Daniel Alves.<\/p>\n<p>Como vem ocorrendo desde o in\u00edcio do trabalho, a comiss\u00e3o t\u00e9cnica criou uma importante rela\u00e7\u00e3o com as equipes do Brasil e do exterior, o que permite acompanhamentos t\u00e9cnicos, f\u00edsicos e cl\u00ednicos\u00a0&#8216;in loco&#8217;, al\u00e9m da participa\u00e7\u00e3o na tomada de decis\u00f5es.<\/p>\n<p>Seguindo essa linha de trabalho em conjunto, foram realizados exames complementares minuciosos e confirmado o diagn\u00f3stico inicial de les\u00e3o do ligamento cruzado anterior, com necessidade de tratamento cir\u00fargico.<\/p>\n<p>Esgotadas todas as alternativas de recupera\u00e7\u00e3o dentro do prazo, constatou-se a impossibilidade da convoca\u00e7\u00e3o de Daniel Alves para o per\u00edodo de prepara\u00e7\u00e3o, amistosos e, consequentemente, para a Copa do Mundo.<\/p>\n<p>A comiss\u00e3o t\u00e9cnica da Sele\u00e7\u00e3o Brasileira sente pelo ocorrido e deseja a Daniel Alves uma pronta recupera\u00e7\u00e3o para que sua t\u00e9cnica, ra\u00e7a e lideran\u00e7a estejam de volta ao servi\u00e7o da Amarelinha o mais breve poss\u00edvel,\u201d confirma a assessoria da CBF<\/p>\n<p>&nbsp;<\/p>\n<p><strong>Fonte: CBF<\/strong><\/p>\n","protected":false},"excerpt":{"rendered":"<p>Ap\u00f3s les\u00e3o de Daniel Alves em partida com PSG, at\u00e9\u00a0 essa quinta-feira tinha esperan\u00e7as de que ele ainda jogaria a Copa do Mundo da R\u00fassia. Mas, m\u00e9dico da sele\u00e7\u00e3o descarta a possibilidade e na tarde de sexta-feira, CBF em seu site oficial, informa que o lateral direito n\u00e3o teria condi\u00e7\u00f5es de se recuperar para a [&hellip;]<\/p>\n","protected":false},"author":96,"featured_media":100131,"comment_status":"closed","ping_status":"closed","sticky":false,"template":"","format":"standard","meta":{"footnotes":""},"categories":[257,439],"tags":[],"class_list":["post-100129","post","type-post","status-publish","format-standard","has-post-thumbnail","hentry","category-esporte","category-ultima-hora"],"_links":{"self":[{"href":"https:\/\/diarioregionaldigital.com.br\/index.php?rest_route=\/wp\/v2\/posts\/100129","targetHints":{"allow":["GET"]}}],"collection":[{"href":"https:\/\/diarioregionaldigital.com.br\/index.php?rest_route=\/wp\/v2\/posts"}],"about":[{"href":"https:\/\/diarioregionaldigital.com.br\/index.php?rest_route=\/wp\/v2\/types\/post"}],"author":[{"embeddable":true,"href":"https:\/\/diarioregionaldigital.com.br\/index.php?rest_route=\/wp\/v2\/users\/96"}],"replies":[{"embeddable":true,"href":"https:\/\/diarioregionaldigital.com.br\/index.php?rest_route=%2Fwp%2Fv2%2Fcomments&post=100129"}],"version-history":[{"count":0,"href":"https:\/\/diarioregionaldigital.com.br\/index.php?rest_route=\/wp\/v2\/posts\/100129\/revisions"}],"wp:featuredmedia":[{"embeddable":true,"href":"https:\/\/diarioregionaldigital.com.br\/index.php?rest_route=\/wp\/v2\/media\/100131"}],"wp:attachment":[{"href":"https:\/\/diarioregionaldigital.com.br\/index.php?rest_route=%2Fwp%2Fv2%2Fmedia&parent=100129"}],"wp:term":[{"taxonomy":"category","embeddable":true,"href":"https:\/\/diarioregionaldigital.com.br\/index.php?rest_route=%2Fwp%2Fv2%2Fcategories&post=100129"},{"taxonomy":"post_tag","embeddable":true,"href":"https:\/\/diarioregionaldigital.com.br\/index.php?rest_route=%2Fwp%2Fv2%2Ftags&post=100129"}],"curies":[{"name":"wp","href":"https:\/\/api.w.org\/{rel}","templated":true}]}}