{"id":100123,"date":"2018-05-13T06:00:16","date_gmt":"2018-05-13T09:00:16","guid":{"rendered":"http:\/\/diarioregionaljf.com.br\/?p=100123"},"modified":"2018-05-11T21:24:15","modified_gmt":"2018-05-12T00:24:15","slug":"grupo-sircom-realiza-campanha-de-doacao-de-agasalhos","status":"publish","type":"post","link":"https:\/\/diarioregionaldigital.com.br\/?p=100123","title":{"rendered":"Grupo Sircom realiza campanha de doa\u00e7\u00e3o de agasalhos"},"content":{"rendered":"<p>Aquecer o inverno e o cora\u00e7\u00e3o de quem precisa! \u00c9 com essa finalidade que o Sistema Regional de Comunica\u00e7\u00e3o (Sircom), grupo integrado pelo Jornal Di\u00e1rio Regional, TVE Juiz de Fora e R\u00e1dio Premium FM, realiza mais uma edi\u00e7\u00e3o de sua campanha de doa\u00e7\u00e3o de agasalhos.<\/p>\n<p>A Diretora Financeira e Comercial do Sircom, Fl\u00e1via Arag\u00e3o, destaca a import\u00e2ncia da iniciativa. &#8220;Por sermos uma tev\u00ea e uma r\u00e1dio educativas, nos sentimos na obriga\u00e7\u00e3o de atuar na parte social. Com os invernos rigorosos, vemos a necessidade de ajudar. Ent\u00e3o aproveitamos as entradas dos ve\u00edculos de comunica\u00e7\u00e3o para estar divulgando a campanha e alcan\u00e7ando um p\u00fablico ainda maior&#8221;, destaca.<\/p>\n<div id=\"attachment_100301\" style=\"width: 2602px\" class=\"wp-caption alignnone\"><img loading=\"lazy\" decoding=\"async\" aria-describedby=\"caption-attachment-100301\" class=\"size-full wp-image-100301\" src=\"http:\/\/diarioregionaljf.com.br\/wp-content\/uploads\/2018\/05\/RAFAELA-FRUTUOSO-USAR-ESSA-2-1.jpg\" alt=\"\" width=\"2592\" height=\"1728\" srcset=\"https:\/\/diarioregionaldigital.com.br\/wp-content\/uploads\/2018\/05\/RAFAELA-FRUTUOSO-USAR-ESSA-2-1.jpg 2592w, https:\/\/diarioregionaldigital.com.br\/wp-content\/uploads\/2018\/05\/RAFAELA-FRUTUOSO-USAR-ESSA-2-1-300x200.jpg 300w, https:\/\/diarioregionaldigital.com.br\/wp-content\/uploads\/2018\/05\/RAFAELA-FRUTUOSO-USAR-ESSA-2-1-768x512.jpg 768w, https:\/\/diarioregionaldigital.com.br\/wp-content\/uploads\/2018\/05\/RAFAELA-FRUTUOSO-USAR-ESSA-2-1-1024x683.jpg 1024w, https:\/\/diarioregionaldigital.com.br\/wp-content\/uploads\/2018\/05\/RAFAELA-FRUTUOSO-USAR-ESSA-2-1-360x240.jpg 360w\" sizes=\"auto, (max-width: 2592px) 100vw, 2592px\" \/><p id=\"caption-attachment-100301\" class=\"wp-caption-text\">Os interessados em contribuir podem entregar suas doa\u00e7\u00f5es na sede do Sircom. Foto: Rafaela Frutuoso<\/p><\/div>\n<p>Al\u00e9m de roupas de frio, tamb\u00e9m ser\u00e3o arrecadados cobertores, cal\u00e7ados e outros itens que ajudem a amenizar o frio. Todas as doa\u00e7\u00f5es s\u00e3o destinadas \u00e0 institui\u00e7\u00f5es de caridade de Juiz de Fora. &#8220;Teve um ano no qual recebemos a doa\u00e7\u00e3o de 100 cobertores, o que foi muito legal, pois pudemos beneficiar uma institui\u00e7\u00e3o que atende \u00e0 idosos carentes &#8220;, conta Fl\u00e1via.<\/p>\n<p>Os interessados em contribuir podem entregar suas doa\u00e7\u00f5es na sede do Sircom (Rua Oscar Vidal, n\u00ba 416, Centro), de segunda a sexta-feira, das 8h \u00e0s 18h. Para mais informa\u00e7\u00f5es, entrar em contato pelo telefone (32) 2102-9500.<\/p>\n","protected":false},"excerpt":{"rendered":"<p>Aquecer o inverno e o cora\u00e7\u00e3o de quem precisa! \u00c9 com essa finalidade que o Sistema Regional de Comunica\u00e7\u00e3o (Sircom), grupo integrado pelo Jornal Di\u00e1rio Regional, TVE Juiz de Fora e R\u00e1dio Premium FM, realiza mais uma edi\u00e7\u00e3o de sua campanha de doa\u00e7\u00e3o de agasalhos. A Diretora Financeira e Comercial do Sircom, Fl\u00e1via Arag\u00e3o, destaca [&hellip;]<\/p>\n","protected":false},"author":96,"featured_media":100298,"comment_status":"closed","ping_status":"closed","sticky":false,"template":"","format":"standard","meta":{"footnotes":""},"categories":[253,440,439],"tags":[],"class_list":["post-100123","post","type-post","status-publish","format-standard","has-post-thumbnail","hentry","category-cidade","category-destaques-do-dia","category-ultima-hora"],"_links":{"self":[{"href":"https:\/\/diarioregionaldigital.com.br\/index.php?rest_route=\/wp\/v2\/posts\/100123","targetHints":{"allow":["GET"]}}],"collection":[{"href":"https:\/\/diarioregionaldigital.com.br\/index.php?rest_route=\/wp\/v2\/posts"}],"about":[{"href":"https:\/\/diarioregionaldigital.com.br\/index.php?rest_route=\/wp\/v2\/types\/post"}],"author":[{"embeddable":true,"href":"https:\/\/diarioregionaldigital.com.br\/index.php?rest_route=\/wp\/v2\/users\/96"}],"replies":[{"embeddable":true,"href":"https:\/\/diarioregionaldigital.com.br\/index.php?rest_route=%2Fwp%2Fv2%2Fcomments&post=100123"}],"version-history":[{"count":0,"href":"https:\/\/diarioregionaldigital.com.br\/index.php?rest_route=\/wp\/v2\/posts\/100123\/revisions"}],"wp:featuredmedia":[{"embeddable":true,"href":"https:\/\/diarioregionaldigital.com.br\/index.php?rest_route=\/wp\/v2\/media\/100298"}],"wp:attachment":[{"href":"https:\/\/diarioregionaldigital.com.br\/index.php?rest_route=%2Fwp%2Fv2%2Fmedia&parent=100123"}],"wp:term":[{"taxonomy":"category","embeddable":true,"href":"https:\/\/diarioregionaldigital.com.br\/index.php?rest_route=%2Fwp%2Fv2%2Fcategories&post=100123"},{"taxonomy":"post_tag","embeddable":true,"href":"https:\/\/diarioregionaldigital.com.br\/index.php?rest_route=%2Fwp%2Fv2%2Ftags&post=100123"}],"curies":[{"name":"wp","href":"https:\/\/api.w.org\/{rel}","templated":true}]}}